{"id":88,"date":"2022-11-09T15:12:11","date_gmt":"2022-11-09T18:12:11","guid":{"rendered":"https:\/\/www.osecac.org.ar\/Novedades\/?p=88"},"modified":"2022-11-15T10:29:57","modified_gmt":"2022-11-15T13:29:57","slug":"recomendaciones-para-el-regreso-al-trabajo-para-casos-positivos-de-covid-19-y-contactos-estrechos-en-los-ambitos-laborales","status":"publish","type":"post","link":"https:\/\/www.osecac.org.ar\/Novedades\/recomendaciones-para-el-regreso-al-trabajo-para-casos-positivos-de-covid-19-y-contactos-estrechos-en-los-ambitos-laborales\/","title":{"rendered":"Recomendaciones para el regreso al trabajo para casos positivos de Covid-19 y contactos estrechos en los \u00e1mbitos laborales"},"content":{"rendered":"<p>[et_pb_section fb_built=\u00bb1&#8243; _builder_version=\u00bb4.19.0&#8243; _module_preset=\u00bbdefault\u00bb custom_margin=\u00bb|0px||0px|false|false\u00bb custom_padding=\u00bb8px|0px||0px|false|false\u00bb global_colors_info=\u00bb{}\u00bb theme_builder_area=\u00bbpost_content\u00bb][et_pb_row _builder_version=\u00bb4.19.0&#8243; _module_preset=\u00bbdefault\u00bb custom_margin=\u00bb0px|0px|0px|0px|false|false\u00bb custom_padding=\u00bb0px|0px|0px|0px|false|false\u00bb hover_enabled=\u00bb0&#8243; global_colors_info=\u00bb{}\u00bb theme_builder_area=\u00bbpost_content\u00bb width=\u00bb100%\u00bb sticky_enabled=\u00bb0&#8243;][et_pb_column type=\u00bb4_4&#8243; _builder_version=\u00bb4.19.0&#8243; _module_preset=\u00bbdefault\u00bb global_colors_info=\u00bb{}\u00bb theme_builder_area=\u00bbpost_content\u00bb][et_pb_text _builder_version=\u00bb4.19.0&#8243; _module_preset=\u00bbdefault\u00bb global_colors_info=\u00bb{}\u00bb theme_builder_area=\u00bbpost_content\u00bb]<\/p>\n<p class=\"\">De acuerdo con la resoluci\u00f3n 27\/2022 publicada en el Bolet\u00edn Oficial el d\u00eda 18 de enero de 2022 por el Ministerio de Trabajo, Empleo y Seguridad Social, siguiendo las recomendaciones elaboradas por el Ministerio de Salud, se establecen las siguientes pautas para el regreso al trabajo de los\/as trabajadores\/as con diagn\u00f3stico confirmado o contacto estrecho de caso confirmado de Covid-19:<\/p>\n<p>\u201c<strong>ART\u00cdCULO 2\u00ba.<\/strong>&#8211; Los trabajadores y trabajadoras que tengan diagn\u00f3stico de COVID-19 que no hayan requerido internaci\u00f3n, podr\u00e1n reincorporarse a sus actividades sin necesidad de presentar resultado de test negativo ni certificado de alta en las siguientes circunstancias:<br \/>1. Casos confirmados sin vacunaci\u00f3n o con esquema incompleto:<br \/>A los DIEZ (10) d\u00edas de la fecha de inicio de s\u00edntomas o, para personas asintom\u00e1ticas, desde la fecha del diagn\u00f3stico.<br \/>2. Casos confirmados con esquema de vacunaci\u00f3n completo (con menos de CINCO -5- meses de completado el esquema o aplicada la dosis de refuerzo):<br \/>A los SIETE (7) d\u00edas desde la fecha de inicio de s\u00edntomas (o del diagn\u00f3stico en casos asintom\u00e1ticos), cumpliendo en los TRES (3) d\u00edas posteriores de cuidados especiales (no concurrir a eventos masivos, ni reuniones sociales, utilizar barbijo de forma adecuada, bien ajustado, tapando nariz, boca y ment\u00f3n- en forma permanente en ambientes cerrados o abiertos donde haya otras personas, mantener la distancia, ventilar los ambientes de manera continua y extremar los cuidados ante la presencia de personas con factores de riesgo).<br \/>Los resultados de laboratorio o de confirmaci\u00f3n por criterio cl\u00ednico-epidemiol\u00f3gico son visibles en la APP Mi Argentina.<\/p>\n<p><strong>ART\u00cdCULO 3\u00ba.<\/strong>&#8211; Los contactos estrechos asintom\u00e1ticos, podr\u00e1n regresar a sus actividades laborales, cumpliendo de manera estricta con las medidas de cuidado (uso de barbijo, ventilaci\u00f3n, distancia) y sin necesidad de presentar resultado de test negativo ni certificado de alta, de acuerdo al siguiente detalle:<br \/>1. Contactos estrechos asintom\u00e1ticos sin vacunaci\u00f3n o con esquema incompleto (sin vacunar o con m\u00e1s de CINCO -5- meses de la aplicaci\u00f3n de la \u00faltima dosis):<br \/>A los DIEZ (10) d\u00edas desde el \u00faltimo contacto con el caso confirmado<br \/>2. Contactos estrechos asintom\u00e1ticos con esquema de vacunaci\u00f3n completo (esquema de dosis \u00fanica, de DOS -2- dosis o esquema inicial con dosis adicional, seg\u00fan corresponda y menos de CINCO -5- meses de completado el esquema) o que hayan tenido COVID-19 en los \u00faltimos NOVENTA (90) d\u00edas:<br \/>a. Pueden volver a sus actividades laborales, siguiendo las recomendaciones jurisdiccionales,<br \/>b. Deben, maximizar medidas preventivas (uso OBLIGATORIO de barbijo y ambientes con ventilaci\u00f3n cruzada permanente)<br \/>c. Se sugiere realizaci\u00f3n de test diagn\u00f3stico entre el tercer y quinto d\u00eda.<br \/>d. Deben realizar automonitoreo de s\u00edntomas de forma diaria.<br \/>3. Contactos estrechos asintom\u00e1ticos con esquema de vacunaci\u00f3n completo + refuerzo con m\u00e1s de CATORCE (14) d\u00edas de la \u00faltima aplicaci\u00f3n:<br \/>a. Pueden volver a sus actividades laborales, siguiendo las recomendaciones jurisdiccionales.<br \/>b. Deben, maximizar medidas preventivas (uso OBLIGATORIO de barbijo y ambientes con ventilaci\u00f3n cruzada permanente).<br \/>c. Deben realizar automonitoreo de s\u00edntomas de forma diaria.\u201d<\/p>\n<p class=\"\"><a href=\"https:\/\/www.boletinoficial.gob.ar\/detalleAviso\/primera\/256286\/20220119\" target=\"_blank\" class=\"\" rel=\"noopener\">VER RESOLUCI\u00d3N<\/a><\/p>\n<p>[\/et_pb_text][\/et_pb_column][\/et_pb_row][\/et_pb_section]<\/p>\n","protected":false},"excerpt":{"rendered":"<p>De acuerdo con la resoluci\u00f3n 27\/2022 publicada en el Bolet\u00edn Oficial el d\u00eda 18 de enero de 2022 por el Ministerio de Trabajo, Empleo y Seguridad Social, siguiendo las recomendaciones elaboradas por el Ministerio de Salud, se establecen las siguientes pautas para el regreso al trabajo de los\/as trabajadores\/as con diagn\u00f3stico confirmado o contacto estrecho [&hellip;]<\/p>\n","protected":false},"author":1,"featured_media":89,"comment_status":"open","ping_status":"open","sticky":false,"template":"","format":"standard","meta":{"_et_pb_use_builder":"on","_et_pb_old_content":"","_et_gb_content_width":"","footnotes":""},"categories":[11],"tags":[],"class_list":["post-88","post","type-post","status-publish","format-standard","has-post-thumbnail","hentry","category-covid-19"],"_links":{"self":[{"href":"https:\/\/www.osecac.org.ar\/Novedades\/wp-json\/wp\/v2\/posts\/88","targetHints":{"allow":["GET"]}}],"collection":[{"href":"https:\/\/www.osecac.org.ar\/Novedades\/wp-json\/wp\/v2\/posts"}],"about":[{"href":"https:\/\/www.osecac.org.ar\/Novedades\/wp-json\/wp\/v2\/types\/post"}],"author":[{"embeddable":true,"href":"https:\/\/www.osecac.org.ar\/Novedades\/wp-json\/wp\/v2\/users\/1"}],"replies":[{"embeddable":true,"href":"https:\/\/www.osecac.org.ar\/Novedades\/wp-json\/wp\/v2\/comments?post=88"}],"version-history":[{"count":0,"href":"https:\/\/www.osecac.org.ar\/Novedades\/wp-json\/wp\/v2\/posts\/88\/revisions"}],"wp:featuredmedia":[{"embeddable":true,"href":"https:\/\/www.osecac.org.ar\/Novedades\/wp-json\/wp\/v2\/media\/89"}],"wp:attachment":[{"href":"https:\/\/www.osecac.org.ar\/Novedades\/wp-json\/wp\/v2\/media?parent=88"}],"wp:term":[{"taxonomy":"category","embeddable":true,"href":"https:\/\/www.osecac.org.ar\/Novedades\/wp-json\/wp\/v2\/categories?post=88"},{"taxonomy":"post_tag","embeddable":true,"href":"https:\/\/www.osecac.org.ar\/Novedades\/wp-json\/wp\/v2\/tags?post=88"}],"curies":[{"name":"wp","href":"https:\/\/api.w.org\/{rel}","templated":true}]}}