{"id":839,"date":"2023-09-07T13:15:31","date_gmt":"2023-09-07T16:15:31","guid":{"rendered":"https:\/\/www.osecac.org.ar\/Novedades\/?p=839"},"modified":"2023-09-07T13:15:33","modified_gmt":"2023-09-07T16:15:33","slug":"dia-mundial-del-corazon","status":"publish","type":"post","link":"https:\/\/www.osecac.org.ar\/Novedades\/dia-mundial-del-corazon\/","title":{"rendered":"\u00a1D\u00eda mundial del coraz\u00f3n!"},"content":{"rendered":"<p>[et_pb_section fb_built=\u00bb1&#8243; _builder_version=\u00bb4.19.0&#8243; _module_preset=\u00bbdefault\u00bb custom_margin=\u00bb|0px||0px|false|false\u00bb custom_padding=\u00bb8px|0px||0px|false|false\u00bb global_colors_info=\u00bb{}\u00bb theme_builder_area=\u00bbet_body_layout\u00bb][et_pb_row _builder_version=\u00bb4.19.0&#8243; _module_preset=\u00bbdefault\u00bb width=\u00bb100%\u00bb custom_margin=\u00bb0px|0px|0px|0px|false|false\u00bb custom_padding=\u00bb0px|0px|0px|0px|false|false\u00bb global_colors_info=\u00bb{}\u00bb theme_builder_area=\u00bbet_body_layout\u00bb][et_pb_column type=\u00bb4_4&#8243; _builder_version=\u00bb4.19.0&#8243; _module_preset=\u00bbdefault\u00bb global_colors_info=\u00bb{}\u00bb theme_builder_area=\u00bbet_body_layout\u00bb][et_pb_text _builder_version=\u00bb4.22.1&#8243; _module_preset=\u00bbdefault\u00bb custom_padding=\u00bb||0px|||\u00bb hover_enabled=\u00bb0&#8243; global_colors_info=\u00bb{}\u00bb theme_builder_area=\u00bbet_body_layout\u00bb sticky_enabled=\u00bb0&#8243;]<\/p>\n<p>Cada a\u00f1o, todos los 29 de septiembre, conmemoramos a lo largo y ancho del mundo el D\u00eda Mundial del Coraz\u00f3n y, desde la Obra Social de los Empleados de Comercio y Actividades Civiles, queremos contarte un poco m\u00e1s sobre el por qu\u00e9 de esta efem\u00e9ride y la importancia de cuidarnos de enfermedades cardiovasculares.<\/p>\n<p>No debemos remontarnos mucho tiempo atr\u00e1s para encontrar la g\u00e9nesis de esta jornada de gran importancia en materia de salud. En el a\u00f1o 2000, la Federaci\u00f3n Mundial del Coraz\u00f3n, con el apoyo de la Organizaci\u00f3n Mundial de la Salud y la UNESCO, design\u00f3 el d\u00eda 29 de septiembre como el primer D\u00eda Mundial del Coraz\u00f3n.<\/p>\n<p>\u00bfCu\u00e1l es el prop\u00f3sito de esta fecha? Si ahondamos en el origen, encontraremos que la misma surge como una estrategia cuyo principal objetivo es el de dar a conocer, de forma masiva, las enfermedades cardiovasculares, con el fin \u00fanico de que la poblaci\u00f3n en general est\u00e9 informada sobre su prevenci\u00f3n, control y tratamiento.<\/p>\n<p>[\/et_pb_text][et_pb_text _builder_version=\u00bb4.22.1&#8243; _module_preset=\u00bbdefault\u00bb theme_builder_area=\u00bbet_body_layout\u00bb hover_enabled=\u00bb0&#8243; sticky_enabled=\u00bb0&#8243; background_color=\u00bbrgba(13,90,170,0.18)\u00bb custom_padding=\u00bb13px|26px|13px|26px|true|true\u00bb border_radii=\u00bbon|22px|22px|22px|22px\u00bb]<\/p>\n<p><strong>La enfermedad cardiovascular es la principal causa de muerte en todo el planeta. Y puede estar originada por m\u00faltiples factores: desde el tabaquismo a la diabetes, pasando por la presi\u00f3n arterial alta y la obesidad, la contaminaci\u00f3n del aire o patolog\u00edas menos comunes, como la enfermedad de Chagas o la amiloidosis card\u00edaca.<\/strong><\/p>\n<p>[\/et_pb_text][et_pb_text _builder_version=\u00bb4.22.1&#8243; _module_preset=\u00bbdefault\u00bb theme_builder_area=\u00bbet_body_layout\u00bb hover_enabled=\u00bb0&#8243; sticky_enabled=\u00bb0&#8243;]<\/p>\n<p>En OSECAC trabajamos d\u00eda a d\u00eda para que nuestros beneficiarios gocen de una mejor salud, por eso con nuestro Chequeo de Salud Integral + 50 y + 65 a\u00f1os nos enfocamos en la prevenci\u00f3n y fomentamos de manera integral la promoci\u00f3n de h\u00e1bitos saludables para el cuidado del coraz\u00f3n. Por citar algunos, comer sano, hidratarse diariamente, mantener el peso adecuado, hacer ejercicio y no fumar, son actividades fundamentales que debemos seguir para evitar enfermedades cardiovasculares.<\/p>\n<p>Adem\u00e1s creemos que la capacitaci\u00f3n es fundamental para poder asistir a quien lo precise y hasta salvar una vida. Por eso, te recomendamos la siguiente <span style=\"color: #0000ff;\"><a href=\"https:\/\/www.osecac.org.ar\/Novedades\/rcp-la-importancia-de-saber-primeros-auxilios\/\" style=\"color: #0000ff;\">nota sobre c\u00f3mo realizar la t\u00e9cnica de reanimaci\u00f3n cardiopulmonar (RCP).<\/a><\/span><\/p>\n<p>[\/et_pb_text][\/et_pb_column][\/et_pb_row][\/et_pb_section]<\/p>\n","protected":false},"excerpt":{"rendered":"<p>Cada a\u00f1o, todos los 29 de septiembre, conmemoramos a lo largo y ancho del mundo el D\u00eda Mundial del Coraz\u00f3n y, desde la Obra Social de los Empleados de Comercio y Actividades Civiles, queremos contarte un poco m\u00e1s sobre el por qu\u00e9 de esta efem\u00e9ride y la importancia de cuidarnos de enfermedades cardiovasculares. <\/p>\n","protected":false},"author":1,"featured_media":840,"comment_status":"open","ping_status":"open","sticky":false,"template":"","format":"standard","meta":{"_et_pb_use_builder":"on","_et_pb_old_content":"","_et_gb_content_width":"","footnotes":""},"categories":[1],"tags":[],"class_list":["post-839","post","type-post","status-publish","format-standard","has-post-thumbnail","hentry","category-actualidad"],"_links":{"self":[{"href":"https:\/\/www.osecac.org.ar\/Novedades\/wp-json\/wp\/v2\/posts\/839","targetHints":{"allow":["GET"]}}],"collection":[{"href":"https:\/\/www.osecac.org.ar\/Novedades\/wp-json\/wp\/v2\/posts"}],"about":[{"href":"https:\/\/www.osecac.org.ar\/Novedades\/wp-json\/wp\/v2\/types\/post"}],"author":[{"embeddable":true,"href":"https:\/\/www.osecac.org.ar\/Novedades\/wp-json\/wp\/v2\/users\/1"}],"replies":[{"embeddable":true,"href":"https:\/\/www.osecac.org.ar\/Novedades\/wp-json\/wp\/v2\/comments?post=839"}],"version-history":[{"count":0,"href":"https:\/\/www.osecac.org.ar\/Novedades\/wp-json\/wp\/v2\/posts\/839\/revisions"}],"wp:featuredmedia":[{"embeddable":true,"href":"https:\/\/www.osecac.org.ar\/Novedades\/wp-json\/wp\/v2\/media\/840"}],"wp:attachment":[{"href":"https:\/\/www.osecac.org.ar\/Novedades\/wp-json\/wp\/v2\/media?parent=839"}],"wp:term":[{"taxonomy":"category","embeddable":true,"href":"https:\/\/www.osecac.org.ar\/Novedades\/wp-json\/wp\/v2\/categories?post=839"},{"taxonomy":"post_tag","embeddable":true,"href":"https:\/\/www.osecac.org.ar\/Novedades\/wp-json\/wp\/v2\/tags?post=839"}],"curies":[{"name":"wp","href":"https:\/\/api.w.org\/{rel}","templated":true}]}}