{"id":790,"date":"2023-08-01T15:14:17","date_gmt":"2023-08-01T18:14:17","guid":{"rendered":"https:\/\/www.osecac.org.ar\/Novedades\/?p=790"},"modified":"2024-08-02T14:24:49","modified_gmt":"2024-08-02T17:24:49","slug":"conmemoramos-la-semana-mundial-de-la-lactancia-materna","status":"publish","type":"post","link":"https:\/\/www.osecac.org.ar\/Novedades\/conmemoramos-la-semana-mundial-de-la-lactancia-materna\/","title":{"rendered":"Conmemoramos la Semana Mundial de la Lactancia Materna"},"content":{"rendered":"<p>[et_pb_section fb_built=\u00bb1&#8243; _builder_version=\u00bb4.19.0&#8243; _module_preset=\u00bbdefault\u00bb custom_margin=\u00bb|0px||0px|false|false\u00bb custom_padding=\u00bb8px|0px||0px|false|false\u00bb global_colors_info=\u00bb{}\u00bb theme_builder_area=\u00bbpost_content\u00bb][et_pb_row _builder_version=\u00bb4.19.0&#8243; _module_preset=\u00bbdefault\u00bb width=\u00bb100%\u00bb custom_margin=\u00bb0px|0px|0px|0px|false|false\u00bb custom_padding=\u00bb0px|0px|0px|0px|false|false\u00bb global_colors_info=\u00bb{}\u00bb theme_builder_area=\u00bbpost_content\u00bb][et_pb_column type=\u00bb4_4&#8243; _builder_version=\u00bb4.19.0&#8243; _module_preset=\u00bbdefault\u00bb global_colors_info=\u00bb{}\u00bb theme_builder_area=\u00bbpost_content\u00bb][et_pb_text _builder_version=\u00bb4.21.0&#8243; _module_preset=\u00bbdefault\u00bb custom_padding=\u00bb||0px|||\u00bb global_colors_info=\u00bb{}\u00bb theme_builder_area=\u00bbpost_content\u00bb]<\/p>\n<p><span style=\"font-weight: 400;\">Del 1\u00b0 al 7 de agosto se conmemora en todo el mundo\u00a0 la Semana de la Lactancia Materna, acci\u00f3n que tiene por objetivo concientizar sobre esta pr\u00e1ctica. Es por eso que, desde la Obra Social de los Empleados de Comercio y Actividades Civiles te compartimos toda la informaci\u00f3n.\u00a0<\/span><\/p>\n<p><span style=\"font-weight: 400;\">La Semana Mundial de la Lactancia Materna es una <\/span><span style=\"font-weight: 400;\">campa\u00f1a coordinada por la Alianza Mundial para la Acci\u00f3n de Lactancia Materna, con el apoyo de la Organizaci\u00f3n Panamericana de la Salud (OPS). Su objetivo principal es concientizar sobre este asunto y promover el derecho a una lactancia asegurada en todos los continentes.\u00a0<\/span><\/p>\n<p><span style=\"font-weight: 400;\">La importancia de la lactancia materna se debe, en primer lugar, a que es el mejor alimento y el m\u00e1s completo que puede recibir un reci\u00e9n nacido, ya que brinda todos los elementos que necesita para un crecimiento y desarrollo saludable:<\/span><span style=\"font-weight: 400;\"> tiene siempre las proporciones correctas de calor\u00edas, grasa, carbohidratos, prote\u00ednas y dem\u00e1s nutrientes.<\/span><\/p>\n<p><span style=\"font-weight: 400;\">Todo esto sumado a que <\/span><span style=\"font-weight: 400;\">la leche materna es m\u00e1s segura e higi\u00e9nica; siempre est\u00e1 disponible a la temperatura justa<\/span><b>; <\/b><span style=\"font-weight: 400;\">es un recurso renovable y no produce desechos; <\/span><span style=\"font-weight: 400;\">transmite anticuerpos que brindan protecci\u00f3n contra las enfermedades m\u00e1s comunes,\u00a0 sin dejar de mencionar que favorece a la relaci\u00f3n entre madre e hijo\/a.<\/span><\/p>\n<p>[\/et_pb_text][et_pb_text _builder_version=\u00bb4.21.0&#8243; _module_preset=\u00bbdefault\u00bb text_text_color=\u00bb#0C71C3&#8243; background_color=\u00bbrgba(13,90,170,0.08)\u00bb custom_padding=\u00bb19px|12px|19px|12px|true|true\u00bb border_radii=\u00bbon|28px|28px|28px|28px\u00bb global_colors_info=\u00bb{}\u00bb theme_builder_area=\u00bbpost_content\u00bb]<\/p>\n<h3><b>\u00bfSab\u00edas qu\u00e9 podes ser donante de leche materna?<\/b><\/h3>\n<p><span style=\"font-weight: 400;\">El Ministerio de Salud de la Naci\u00f3n cre\u00f3 los Bancos de Leche Materna, los cuales se encuentran dentro de una red de maternidades adheridas. En ese sentido, los centros pertenecientes a esta red podr\u00e1n beneficiarse de la leche disponible en estos bancos y utilizarla, de acuerdo a un cierto criterio de prioridades, para d\u00e1rsela a los reci\u00e9n nacidos que la precisen.\u00a0<\/span><\/p>\n<p><span style=\"font-weight: 400;\">Aqu\u00ed, cabe destacar que cualquier madre que tenga leche en abundancia y apruebe una serie de requisitos -similares a las requeridas de un donante de sangre-, puede inscribirse como donante.\u00a0<\/span><\/p>\n<p>[\/et_pb_text][et_pb_text _builder_version=\u00bb4.21.0&#8243; _module_preset=\u00bbdefault\u00bb global_colors_info=\u00bb{}\u00bb theme_builder_area=\u00bbpost_content\u00bb]<\/p>\n<p><span style=\"font-weight: 400;\">Desde OSECAC, a trav\u00e9s del programa de \u201cCircuito de Embarazo\u201d para beneficiarias directas, queremos brindarte esta y mucha m\u00e1s informaci\u00f3n sobre otros t\u00f3picos relevantes como cuidados durante y post embarazo, parto, neonatolog\u00eda, entre otros, para que puedas llevar adelante un embarazo controlado, cuidado y sin temores.<\/span><\/p>\n<p>[\/et_pb_text][\/et_pb_column][\/et_pb_row][\/et_pb_section]<\/p>\n","protected":false},"excerpt":{"rendered":"<p>Del 1\u00b0 al 7 de agosto se conmemora en todo el mundo\u00a0 la Semana de la Lactancia Materna, acci\u00f3n que tiene por objetivo concientizar sobre esta pr\u00e1ctica. Es por eso que, desde la Obra Social de los Empleados de Comercio y Actividades Civiles te compartimos toda la informaci\u00f3n.\u00a0 La Semana Mundial de la Lactancia Materna [&hellip;]<\/p>\n","protected":false},"author":1,"featured_media":791,"comment_status":"open","ping_status":"open","sticky":false,"template":"","format":"standard","meta":{"_et_pb_use_builder":"on","_et_pb_old_content":"","_et_gb_content_width":"","footnotes":""},"categories":[6],"tags":[],"class_list":["post-790","post","type-post","status-publish","format-standard","has-post-thumbnail","hentry","category-ginecologia"],"_links":{"self":[{"href":"https:\/\/www.osecac.org.ar\/Novedades\/wp-json\/wp\/v2\/posts\/790","targetHints":{"allow":["GET"]}}],"collection":[{"href":"https:\/\/www.osecac.org.ar\/Novedades\/wp-json\/wp\/v2\/posts"}],"about":[{"href":"https:\/\/www.osecac.org.ar\/Novedades\/wp-json\/wp\/v2\/types\/post"}],"author":[{"embeddable":true,"href":"https:\/\/www.osecac.org.ar\/Novedades\/wp-json\/wp\/v2\/users\/1"}],"replies":[{"embeddable":true,"href":"https:\/\/www.osecac.org.ar\/Novedades\/wp-json\/wp\/v2\/comments?post=790"}],"version-history":[{"count":0,"href":"https:\/\/www.osecac.org.ar\/Novedades\/wp-json\/wp\/v2\/posts\/790\/revisions"}],"wp:featuredmedia":[{"embeddable":true,"href":"https:\/\/www.osecac.org.ar\/Novedades\/wp-json\/wp\/v2\/media\/791"}],"wp:attachment":[{"href":"https:\/\/www.osecac.org.ar\/Novedades\/wp-json\/wp\/v2\/media?parent=790"}],"wp:term":[{"taxonomy":"category","embeddable":true,"href":"https:\/\/www.osecac.org.ar\/Novedades\/wp-json\/wp\/v2\/categories?post=790"},{"taxonomy":"post_tag","embeddable":true,"href":"https:\/\/www.osecac.org.ar\/Novedades\/wp-json\/wp\/v2\/tags?post=790"}],"curies":[{"name":"wp","href":"https:\/\/api.w.org\/{rel}","templated":true}]}}