{"id":29,"date":"2022-11-09T11:40:28","date_gmt":"2022-11-09T14:40:28","guid":{"rendered":"https:\/\/www.osecac.org.ar\/Novedades\/?p=29"},"modified":"2023-01-04T08:23:41","modified_gmt":"2023-01-04T11:23:41","slug":"preguntas-frecuentes-sobre-covid-19","status":"publish","type":"post","link":"https:\/\/www.osecac.org.ar\/Novedades\/preguntas-frecuentes-sobre-covid-19\/","title":{"rendered":"Preguntas frecuentes sobre covid-19"},"content":{"rendered":"<p>[et_pb_section fb_built=\u00bb1&#8243; _builder_version=\u00bb4.19.0&#8243; _module_preset=\u00bbdefault\u00bb custom_margin=\u00bb|0px||0px|false|false\u00bb custom_padding=\u00bb8px|0px||0px|false|false\u00bb global_colors_info=\u00bb{}\u00bb theme_builder_area=\u00bbpost_content\u00bb][et_pb_row _builder_version=\u00bb4.19.0&#8243; _module_preset=\u00bbdefault\u00bb width=\u00bb100%\u00bb custom_margin=\u00bb0px|0px|0px|0px|false|false\u00bb custom_padding=\u00bb0px|0px|0px|0px|false|false\u00bb global_colors_info=\u00bb{}\u00bb theme_builder_area=\u00bbpost_content\u00bb][et_pb_column type=\u00bb4_4&#8243; _builder_version=\u00bb4.19.0&#8243; _module_preset=\u00bbdefault\u00bb global_colors_info=\u00bb{}\u00bb theme_builder_area=\u00bbpost_content\u00bb][et_pb_text _builder_version=\u00bb4.19.0&#8243; _module_preset=\u00bbdefault\u00bb global_colors_info=\u00bb{}\u00bb theme_builder_area=\u00bbpost_content\u00bb]<\/p>\n<h4><strong>\u00bfCu\u00e1les son los s\u00edntomas?<\/strong><\/h4>\n<p class=\"\">Fiebre (37,5\u00b0 o m\u00e1s), tos, falta de aire, dolor de garganta, dolor de cabeza, erupciones en la piel, p\u00e9rdida del gusto y olfato, diarrea.<\/p>\n<h4><strong>\u00bfCu\u00e1ndo aparecen los s\u00edntomas de COVID-19?<\/strong><\/h4>\n<p class=\"\">Desde el momento que nos contagiamos hasta que tenemos s\u00edntomas pueden pasar desde 4 a 14 d\u00edas.<\/p>\n<h4><strong>\u00bfC\u00f3mo se interpreta el hisopado de COVID?<br \/><\/strong><\/h4>\n<ul>\n<li>PCR detectable: es positivo, es decir, presenta infecci\u00f3n por el virus COVID 19<\/li>\n<li>PCR no detectable: es negativo.<\/li>\n<\/ul>\n<p class=\"\">\n<h4><strong>\u00bfExiste un tratamiento para COVID-19?<\/strong><\/h4>\n<p class=\"\">No existe un tratamiento antiviral espec\u00edfico.<\/p>\n<h4><strong>\u00bfQu\u00e9 se puede tomar como analg\u00e9sico y antit\u00e9rmico?\u00a0<\/strong><\/h4>\n<p class=\"\">De primera elecci\u00f3n PARACETAMOL. Pero si la fiebre, el dolor de cabeza y el dolor de cuerpo no mejoran puede tomar IBUPROFENO O DIPIRONA. Siempre en caso de NO ser al\u00e9rgico. Adultos: Paracetamol 500mg C\/8hs. Ibuprofeno 1 gr C\/12 hs. NO m\u00e1s de 3 d\u00edas.<\/p>\n<h4><strong>\u00bfCon qu\u00e9 s\u00edntomas debemos llamar a la Emergencia (0810-333-0004)?<\/strong><\/h4>\n<ul>\n<li class=\"\">Falta de aire<\/li>\n<li class=\"\">Dolor de pecho<\/li>\n<li class=\"\">Dolor en puntada de costado al respirar<\/li>\n<li class=\"\">Cefalea intensa que no cede con paracetamol<\/li>\n<li class=\"\">Fiebre persistente<\/li>\n<\/ul>\n<h4><strong>\u00bfCu\u00e1nto duran los s\u00edntomas de COVID-19?<\/strong><\/h4>\n<p><span>El tiempo promedio de recuperaci\u00f3n es de 2 semanas. Sin embargo, en algunos pacientes, la tos, la falta de gusto\/olfato y el cansancio pueden durar m\u00e1s tiempo<\/span><\/p>\n<h4><strong>\u00bfCu\u00e1nto tiempo debe estar aislado?<\/strong><\/h4>\n<p><span>Las personas con casos confirmados de covid deben permanecer en aislamiento 10 d\u00edas desde el inicio de los s\u00edntomas. Los dem\u00e1s integrantes del hogar, tambi\u00e9n deben realizar el aislamiento, 14 d\u00edas a partir del \u00faltimo contacto con el caso positivo.<\/span><\/p>\n<h4><strong>\u00bfQu\u00e9 se debe hacer si alg\u00fan conviviente tiene s\u00edntomas?<\/strong><\/h4>\n<p><span>Si usted fue diagnosticado como covid positivo y alg\u00fan conviviente presenta al menos uno de los siguientes s\u00edntomas:<\/span><\/p>\n<ul>\n<li class=\"\">Fiebre &gt;37,5\u00b0<\/li>\n<li class=\"\">Tos<\/li>\n<li class=\"\">Dolor de garganta<\/li>\n<li class=\"\">Dificultad respiratoria<\/li>\n<li class=\"\">P\u00e9rdida repentina del gusto y olfato<\/li>\n<li class=\"\">Dolor de cabeza<\/li>\n<li class=\"\">Diarrea o v\u00f3mitos<\/li>\n<\/ul>\n<p>Adem\u00e1s de permanecer en aislamiento, si es afiliado de Osecac debe enviar whatsApp al 11-3271-2994 (disponible las 24 hs). En el caso de no tener Osecac, comunicarse a su correspondiente Obra Social o al 147.<\/p>\n<h4><strong>Tengo dudas respecto de la lactancia de mi hijo<\/strong><\/h4>\n<p><span>Se recomienda continuar con la lactancia materna con las debidas precauciones (hasta la fecha no hay evidencias de que la infecci\u00f3n por COVID-19 se transmita de la madre al beb\u00e9 a trav\u00e9s de la leche materna). Se recomienda realizar el amamantamiento en lo posible fuera de la cama para reducir el contacto del beb\u00e9 con superficies potencialmente contaminadas. Lavarse las manos con agua y jab\u00f3n o con alcohol, por lo menos por 50 segundos antes y despu\u00e9s de tocar al beb\u00e9. Colocarse barbijo durante todo el tiempo que se encuentre en contacto con el beb\u00e9 y durante el momento de amamantarlo y evitar hablar o toser durante el amamantamiento. Limpiar y desinfectar todas las superficies que haya tocado. El barbijo debe cambiarse en caso de tos, estornudo o que se humedezca, o ante cada nueva toma. Si decide extraerse leche: debe lavar como lo hace habitualmente los extractores de leche materna, los recipientes de almacenamiento de leche y los utensilios para la alimentaci\u00f3n del beb\u00e9 despu\u00e9s de cada uso.<\/span><\/p>\n<h4><strong>\u00bfSe debe realizar hisopado para el alta?<\/strong><\/h4>\n<p><span>NO, se da el alta cuando se cumpli\u00f3 con los d\u00edas establecidos de aislamiento y presenta ESTABILIDAD DE LOS S\u00cdNTOMAS RESPIRATORIOS Y AUSENCIA DE FIEBRE POR 72 HS.<\/span><\/p>\n<h4><strong>\u00bfEs posible volver a contagiarse por el virus?<\/strong><\/h4>\n<p><span>Actualmente no existe evidencia suficiente que permita afirmar que una persona que ha pasado la enfermedad pueda volver a infectarse. Pero SI se sabe que la inmunidad (\u201cdefensas\u201d) dura 3 meses. De todas maneras SIEMPRE DEBE USAR BARBIJO, mantener distanciamiento social y sus manos bien lavadas, con jab\u00f3n\/alcohol.<\/span><\/p>\n<h4><strong>\u00bfPuedo donar plasma?<\/strong><\/h4>\n<p><span>Para donar plasma, luego de haber sido dado\/a de alta, el paciente debe llamar al siguiente n\u00famero: 4666-9898, o por mail a <\/span><a href=\"mailto:plasmaccovid@fuhesa.org.ar\" class=\"\">plasmaccovid@fuhesa.org.ar<\/a><span>.<\/span><\/p>\n<p>[\/et_pb_text][\/et_pb_column][\/et_pb_row][\/et_pb_section]<\/p>\n","protected":false},"excerpt":{"rendered":"<p>\u00bfCu\u00e1les son los s\u00edntomas? Fiebre (37,5\u00b0 o m\u00e1s), tos, falta de aire, dolor de garganta, dolor de cabeza, erupciones en la piel, p\u00e9rdida del gusto y olfato, diarrea. \u00bfCu\u00e1ndo aparecen los s\u00edntomas de COVID-19? Desde el momento que nos contagiamos hasta que tenemos s\u00edntomas pueden pasar desde 4 a 14 d\u00edas. \u00bfC\u00f3mo se interpreta el [&hellip;]<\/p>\n","protected":false},"author":1,"featured_media":30,"comment_status":"open","ping_status":"open","sticky":false,"template":"","format":"standard","meta":{"_et_pb_use_builder":"on","_et_pb_old_content":"","_et_gb_content_width":"","footnotes":""},"categories":[11],"tags":[],"class_list":["post-29","post","type-post","status-publish","format-standard","has-post-thumbnail","hentry","category-covid-19"],"_links":{"self":[{"href":"https:\/\/www.osecac.org.ar\/Novedades\/wp-json\/wp\/v2\/posts\/29","targetHints":{"allow":["GET"]}}],"collection":[{"href":"https:\/\/www.osecac.org.ar\/Novedades\/wp-json\/wp\/v2\/posts"}],"about":[{"href":"https:\/\/www.osecac.org.ar\/Novedades\/wp-json\/wp\/v2\/types\/post"}],"author":[{"embeddable":true,"href":"https:\/\/www.osecac.org.ar\/Novedades\/wp-json\/wp\/v2\/users\/1"}],"replies":[{"embeddable":true,"href":"https:\/\/www.osecac.org.ar\/Novedades\/wp-json\/wp\/v2\/comments?post=29"}],"version-history":[{"count":0,"href":"https:\/\/www.osecac.org.ar\/Novedades\/wp-json\/wp\/v2\/posts\/29\/revisions"}],"wp:featuredmedia":[{"embeddable":true,"href":"https:\/\/www.osecac.org.ar\/Novedades\/wp-json\/wp\/v2\/media\/30"}],"wp:attachment":[{"href":"https:\/\/www.osecac.org.ar\/Novedades\/wp-json\/wp\/v2\/media?parent=29"}],"wp:term":[{"taxonomy":"category","embeddable":true,"href":"https:\/\/www.osecac.org.ar\/Novedades\/wp-json\/wp\/v2\/categories?post=29"},{"taxonomy":"post_tag","embeddable":true,"href":"https:\/\/www.osecac.org.ar\/Novedades\/wp-json\/wp\/v2\/tags?post=29"}],"curies":[{"name":"wp","href":"https:\/\/api.w.org\/{rel}","templated":true}]}}