{"id":200,"date":"2022-11-09T18:11:05","date_gmt":"2022-11-09T21:11:05","guid":{"rendered":"https:\/\/www.osecac.org.ar\/Novedades\/?p=200"},"modified":"2022-11-15T10:24:02","modified_gmt":"2022-11-15T13:24:02","slug":"celebramos-los-12-anos-del-sanatorio-sagrado-corazon","status":"publish","type":"post","link":"https:\/\/www.osecac.org.ar\/Novedades\/celebramos-los-12-anos-del-sanatorio-sagrado-corazon\/","title":{"rendered":"Celebramos los 12 a\u00f1os del Sanatorio Sagrado Coraz\u00f3n"},"content":{"rendered":"<p>[et_pb_section fb_built=\u00bb1&#8243; _builder_version=\u00bb4.19.0&#8243; _module_preset=\u00bbdefault\u00bb custom_margin=\u00bb|0px||0px|false|false\u00bb custom_padding=\u00bb8px|0px||0px|false|false\u00bb global_colors_info=\u00bb{}\u00bb theme_builder_area=\u00bbet_body_layout\u00bb][et_pb_row _builder_version=\u00bb4.19.0&#8243; _module_preset=\u00bbdefault\u00bb width=\u00bb100%\u00bb custom_margin=\u00bb0px|0px|0px|0px|false|false\u00bb custom_padding=\u00bb0px|0px|0px|0px|false|false\u00bb global_colors_info=\u00bb{}\u00bb theme_builder_area=\u00bbet_body_layout\u00bb][et_pb_column type=\u00bb4_4&#8243; _builder_version=\u00bb4.19.0&#8243; _module_preset=\u00bbdefault\u00bb global_colors_info=\u00bb{}\u00bb theme_builder_area=\u00bbet_body_layout\u00bb][et_pb_text _builder_version=\u00bb4.19.0&#8243; _module_preset=\u00bbdefault\u00bb hover_enabled=\u00bb0&#8243; global_colors_info=\u00bb{}\u00bb theme_builder_area=\u00bbet_body_layout\u00bb sticky_enabled=\u00bb0&#8243;]<\/p>\n<p class=\"\"><span>El martes 19 de julio tuvimos la gran oportunidad de reunirnos a celebrar el doceavo aniversario de nuestra gran insignia, el Sanatorio Sagrado Coraz\u00f3n. Una jornada llena de alegr\u00eda y orgullo, no solo para todos\/as nuestros\/as beneficiarios\/as que lo hicieron posible, sino tambi\u00e9n para el personal m\u00e9dico, administrativo, de mantenimiento y cocina, que aportaron su trabajo y entrega en estos doce a\u00f1os para que logremos brindar una excelente calidad de servicio y atenci\u00f3n.<\/span><\/p>\n<p><span>Durante el evento, se reconoci\u00f3 con la entrega de diplomas, a todos\/as aquellos\/as trabajadores\/as que acompa\u00f1aron a la Instituci\u00f3n a lo largo de estos a\u00f1os. Desde OSECAC queremos agradecerles a cada uno de ellos\/as, por su compromiso y dedicaci\u00f3n, a quienes hicieron posible el excelente funcionamiento del sanatorio de alta complejidad m\u00e1s grande de Latinoam\u00e9rica.<\/span><\/p>\n<p><span>El discurso final del evento estuvo a cargo del Dr. Gabriel Lebersztein, Director M\u00e9dico de la Obra Social, quien destac\u00f3 la visi\u00f3n del cro. Armando Cavalieri, Secretario General de la Federaci\u00f3n Argentina de Empleado de Comercio y Servicios (FAECYS), al planificar una obra de tal magnitud que hoy es referencia en el movimiento obrero; adem\u00e1s de la importante labor del cro. Carlos P\u00e9rez, actual Presidente de OSECAC, de llevar adelante la enorme tarea de continuar fortaleciendo nuestra Obra Social. \u201cEste sue\u00f1o no termina ac\u00e1, y vamos por uno a\u00fan mayor, que se encuentra pronto a su inauguraci\u00f3n, que es el Sanatorio Sagrado Coraz\u00f3n Medical Center.\u201d<\/span><\/p>\n<p>[\/et_pb_text][et_pb_image src=\u00bbhttps:\/\/www.osecac.org.ar\/Novedades\/wp-content\/uploads\/2022\/11\/sc121.jpg\u00bb _builder_version=\u00bb4.19.0&#8243; _module_preset=\u00bbdefault\u00bb theme_builder_area=\u00bbet_body_layout\u00bb hover_enabled=\u00bb0&#8243; sticky_enabled=\u00bb0&#8243;][\/et_pb_image][et_pb_image src=\u00bbhttps:\/\/www.osecac.org.ar\/Novedades\/wp-content\/uploads\/2022\/11\/sc122.jpg\u00bb _builder_version=\u00bb4.19.0&#8243; _module_preset=\u00bbdefault\u00bb theme_builder_area=\u00bbet_body_layout\u00bb hover_enabled=\u00bb0&#8243; sticky_enabled=\u00bb0&#8243;][\/et_pb_image][et_pb_image src=\u00bbhttps:\/\/www.osecac.org.ar\/Novedades\/wp-content\/uploads\/2022\/11\/sc123.jpg\u00bb _builder_version=\u00bb4.19.0&#8243; _module_preset=\u00bbdefault\u00bb theme_builder_area=\u00bbet_body_layout\u00bb hover_enabled=\u00bb0&#8243; sticky_enabled=\u00bb0&#8243;][\/et_pb_image][et_pb_image src=\u00bbhttps:\/\/www.osecac.org.ar\/Novedades\/wp-content\/uploads\/2022\/11\/sc124.jpg\u00bb _builder_version=\u00bb4.19.0&#8243; _module_preset=\u00bbdefault\u00bb theme_builder_area=\u00bbet_body_layout\u00bb hover_enabled=\u00bb0&#8243; sticky_enabled=\u00bb0&#8243;][\/et_pb_image][\/et_pb_column][\/et_pb_row][\/et_pb_section]<\/p>\n","protected":false},"excerpt":{"rendered":"<p>El martes 19 de julio tuvimos la gran oportunidad de reunirnos a celebrar el doceavo aniversario de nuestra gran insignia, el Sanatorio Sagrado Coraz\u00f3n. Una jornada llena de alegr\u00eda y orgullo, no solo para todos\/as nuestros\/as beneficiarios\/as que lo hicieron posible, sino tambi\u00e9n para el personal m\u00e9dico, administrativo, de mantenimiento y cocina, que aportaron su [&hellip;]<\/p>\n","protected":false},"author":1,"featured_media":201,"comment_status":"open","ping_status":"open","sticky":false,"template":"","format":"standard","meta":{"_et_pb_use_builder":"on","_et_pb_old_content":"","_et_gb_content_width":"","footnotes":""},"categories":[10],"tags":[],"class_list":["post-200","post","type-post","status-publish","format-standard","has-post-thumbnail","hentry","category-sanatorio-sagrado-corazon"],"_links":{"self":[{"href":"https:\/\/www.osecac.org.ar\/Novedades\/wp-json\/wp\/v2\/posts\/200","targetHints":{"allow":["GET"]}}],"collection":[{"href":"https:\/\/www.osecac.org.ar\/Novedades\/wp-json\/wp\/v2\/posts"}],"about":[{"href":"https:\/\/www.osecac.org.ar\/Novedades\/wp-json\/wp\/v2\/types\/post"}],"author":[{"embeddable":true,"href":"https:\/\/www.osecac.org.ar\/Novedades\/wp-json\/wp\/v2\/users\/1"}],"replies":[{"embeddable":true,"href":"https:\/\/www.osecac.org.ar\/Novedades\/wp-json\/wp\/v2\/comments?post=200"}],"version-history":[{"count":0,"href":"https:\/\/www.osecac.org.ar\/Novedades\/wp-json\/wp\/v2\/posts\/200\/revisions"}],"wp:featuredmedia":[{"embeddable":true,"href":"https:\/\/www.osecac.org.ar\/Novedades\/wp-json\/wp\/v2\/media\/201"}],"wp:attachment":[{"href":"https:\/\/www.osecac.org.ar\/Novedades\/wp-json\/wp\/v2\/media?parent=200"}],"wp:term":[{"taxonomy":"category","embeddable":true,"href":"https:\/\/www.osecac.org.ar\/Novedades\/wp-json\/wp\/v2\/categories?post=200"},{"taxonomy":"post_tag","embeddable":true,"href":"https:\/\/www.osecac.org.ar\/Novedades\/wp-json\/wp\/v2\/tags?post=200"}],"curies":[{"name":"wp","href":"https:\/\/api.w.org\/{rel}","templated":true}]}}