{"id":196,"date":"2022-11-09T18:08:17","date_gmt":"2022-11-09T21:08:17","guid":{"rendered":"https:\/\/www.osecac.org.ar\/Novedades\/?p=196"},"modified":"2022-11-15T10:24:07","modified_gmt":"2022-11-15T13:24:07","slug":"el-sanatorio-sagrado-corazon-cumple-12-anos","status":"publish","type":"post","link":"https:\/\/www.osecac.org.ar\/Novedades\/el-sanatorio-sagrado-corazon-cumple-12-anos\/","title":{"rendered":"El Sanatorio Sagrado Coraz\u00f3n cumple 12 a\u00f1os"},"content":{"rendered":"<p>[et_pb_section fb_built=\u00bb1&#8243; _builder_version=\u00bb4.19.0&#8243; _module_preset=\u00bbdefault\u00bb custom_margin=\u00bb|0px||0px|false|false\u00bb custom_padding=\u00bb8px|0px||0px|false|false\u00bb global_colors_info=\u00bb{}\u00bb theme_builder_area=\u00bbet_body_layout\u00bb][et_pb_row _builder_version=\u00bb4.19.0&#8243; _module_preset=\u00bbdefault\u00bb width=\u00bb100%\u00bb custom_margin=\u00bb0px|0px|0px|0px|false|false\u00bb custom_padding=\u00bb0px|0px|0px|0px|false|false\u00bb global_colors_info=\u00bb{}\u00bb theme_builder_area=\u00bbet_body_layout\u00bb][et_pb_column type=\u00bb4_4&#8243; _builder_version=\u00bb4.19.0&#8243; _module_preset=\u00bbdefault\u00bb global_colors_info=\u00bb{}\u00bb theme_builder_area=\u00bbet_body_layout\u00bb][et_pb_text _builder_version=\u00bb4.19.0&#8243; _module_preset=\u00bbdefault\u00bb hover_enabled=\u00bb0&#8243; global_colors_info=\u00bb{}\u00bb theme_builder_area=\u00bbet_body_layout\u00bb sticky_enabled=\u00bb0&#8243;]<\/p>\n<p class=\"\">Desde la Obra Social de los Empleados de Comercio y Actividades Civiles queremos compartir con nuestros\/as beneficiarios\/as la alegr\u00eda de cumplir doce a\u00f1os desde la inauguraci\u00f3n del Sanatorio Sagrado Coraz\u00f3n, orgullo de nuestra Obra Social, una gran insignia para todos\/as los\/as Empleados\/as de Comercio y Actividades Civiles, una cl\u00ednica de alta complejidad propia y exclusiva.<\/p>\n<p>No es un hecho m\u00e1s para nuestra instituci\u00f3n. El mes de julio del a\u00f1o 2010 ser\u00e1 recordado por siempre para los y las mercantiles. En un acto celebrado en Parque Norte, el visionario Secretario General, Armando Cavalieri daba a conocer el Sagrado Coraz\u00f3n, el sanatorio de alta complejidad m\u00e1s grande de Latinoam\u00e9rica constru\u00eddo \u00edntegramente con el aporte de nuestros beneficiarios y beneficiarias y el apoyo econ\u00f3mico de la Federaci\u00f3n Argentina de Empleados de Comercio y Servicios (FAECYS).<\/p>\n<p>Un edificio de once pisos de altura, con m\u00e1s de 200 camas de internaci\u00f3n y ocho quir\u00f3fanos, emplazado en una ubicaci\u00f3n privilegiada a escasos metros del Congreso de la Naci\u00f3n, lleg\u00f3 para brindar asistencia y cuidar la salud de los\/as trabajadores\/as. Solo por enumerar algunos hechos, en estos doce a\u00f1os:<\/p>\n<p><strong><\/strong><\/p>\n<ul>\n<li class=\"\"><strong>Se atendieron a trav\u00e9s del servicio de guardia 1.415.382 pacientes.<\/strong><\/li>\n<li class=\"\"><strong>Se realizaron un total de 187.427 cirug\u00edas, de las cuales 931 fueron cirug\u00edas de bypass coronario.<\/strong><\/li>\n<li class=\"\"><strong>Se efectuaron 532 trasplantes, de los cuales 347 fueron de m\u00e9dula, 9 card\u00edacos, 56 hep\u00e1ticos y 120 renales.<\/strong><\/li>\n<li class=\"\"><strong>Se realizaron 5.520 cinecoronariograf\u00edas, de las cuales 857 derivaron en la colocaci\u00f3n de marcapasos.<\/strong><\/li>\n<li class=\"\"><strong>Y durante la pandemia hubo un total de 6.635 pacientes internados por COVID, lo que implic\u00f3 una ocupaci\u00f3n de 46.223 d\u00edas de nuestras camas.<\/strong><\/li>\n<\/ul>\n<p class=\"\"><strong><\/strong><span><\/span><br \/><span>Al respecto, Carlos Per\u00e9z, Presidente de OSECAC, expres\u00f3 su alegr\u00eda por este doceavo aniversario y remarc\u00f3 que\u00a0<\/span><em class=\"\">\u201cqueremos agradecerles a todos\/as los\/as que de una manera y otra han colaborado y\/o participado en el desarrollo y crecimiento de nuestra cl\u00ednica en estos a\u00f1os, sin ustedes todo esto no hubiera sido posible\u201d<\/em><span>.<\/span><\/p>\n<p><span>Desde OSECAC seguimos trabajando para mejorar y ampliar nuestra atenci\u00f3n y servicios para los\/as beneficiarios\/as. Es por ello, que adem\u00e1s de sumar doce a\u00f1os de asistencia m\u00e9dica de alta complejidad en el Sanatorio Sagrado Coraz\u00f3n, estamos pr\u00f3ximos a inaugurar lo que ser\u00e1 nuestro segundo emblema en la Ciudad Aut\u00f3noma de Buenos Aires, el Sanatorio Sagrado Coraz\u00f3n Medical Center; y seguimos trabajando en el avance de las obras del Sanatorio de alta complejidad Sagrado Coraz\u00f3n Regional Oeste, en el Partido de La Matanza.<\/span><\/p>\n<p><span>\u00a1Salud (nunca mejor dicho) querido Sagrado Coraz\u00f3n! \u00a1Que sean much\u00edsimos a\u00f1os m\u00e1s atendiendo a las necesidades de todos\/as los\/as mercantiles!<\/span><\/p>\n<p>[\/et_pb_text][\/et_pb_column][\/et_pb_row][\/et_pb_section]<\/p>\n","protected":false},"excerpt":{"rendered":"<p>Desde la Obra Social de los Empleados de Comercio y Actividades Civiles queremos compartir con nuestros\/as beneficiarios\/as la alegr\u00eda de cumplir doce a\u00f1os desde la inauguraci\u00f3n del Sanatorio Sagrado Coraz\u00f3n, orgullo de nuestra Obra Social, una gran insignia para todos\/as los\/as Empleados\/as de Comercio y Actividades Civiles, una cl\u00ednica de alta complejidad propia y exclusiva. [&hellip;]<\/p>\n","protected":false},"author":1,"featured_media":186,"comment_status":"open","ping_status":"open","sticky":false,"template":"","format":"standard","meta":{"_et_pb_use_builder":"on","_et_pb_old_content":"","_et_gb_content_width":"","footnotes":""},"categories":[10],"tags":[],"class_list":["post-196","post","type-post","status-publish","format-standard","has-post-thumbnail","hentry","category-sanatorio-sagrado-corazon"],"_links":{"self":[{"href":"https:\/\/www.osecac.org.ar\/Novedades\/wp-json\/wp\/v2\/posts\/196","targetHints":{"allow":["GET"]}}],"collection":[{"href":"https:\/\/www.osecac.org.ar\/Novedades\/wp-json\/wp\/v2\/posts"}],"about":[{"href":"https:\/\/www.osecac.org.ar\/Novedades\/wp-json\/wp\/v2\/types\/post"}],"author":[{"embeddable":true,"href":"https:\/\/www.osecac.org.ar\/Novedades\/wp-json\/wp\/v2\/users\/1"}],"replies":[{"embeddable":true,"href":"https:\/\/www.osecac.org.ar\/Novedades\/wp-json\/wp\/v2\/comments?post=196"}],"version-history":[{"count":0,"href":"https:\/\/www.osecac.org.ar\/Novedades\/wp-json\/wp\/v2\/posts\/196\/revisions"}],"wp:featuredmedia":[{"embeddable":true,"href":"https:\/\/www.osecac.org.ar\/Novedades\/wp-json\/wp\/v2\/media\/186"}],"wp:attachment":[{"href":"https:\/\/www.osecac.org.ar\/Novedades\/wp-json\/wp\/v2\/media?parent=196"}],"wp:term":[{"taxonomy":"category","embeddable":true,"href":"https:\/\/www.osecac.org.ar\/Novedades\/wp-json\/wp\/v2\/categories?post=196"},{"taxonomy":"post_tag","embeddable":true,"href":"https:\/\/www.osecac.org.ar\/Novedades\/wp-json\/wp\/v2\/tags?post=196"}],"curies":[{"name":"wp","href":"https:\/\/api.w.org\/{rel}","templated":true}]}}