{"id":185,"date":"2022-11-09T17:50:45","date_gmt":"2022-11-09T20:50:45","guid":{"rendered":"https:\/\/www.osecac.org.ar\/Novedades\/?p=185"},"modified":"2022-11-15T10:24:18","modified_gmt":"2022-11-15T13:24:18","slug":"nuevas-obras-para-mas-cuidados-de-la-mujer","status":"publish","type":"post","link":"https:\/\/www.osecac.org.ar\/Novedades\/nuevas-obras-para-mas-cuidados-de-la-mujer\/","title":{"rendered":"Nuevas obras para m\u00e1s cuidados de la mujer"},"content":{"rendered":"<p>[et_pb_section fb_built=\u00bb1&#8243; _builder_version=\u00bb4.19.0&#8243; _module_preset=\u00bbdefault\u00bb custom_margin=\u00bb|0px||0px|false|false\u00bb custom_padding=\u00bb8px|0px||0px|false|false\u00bb global_colors_info=\u00bb{}\u00bb theme_builder_area=\u00bbet_body_layout\u00bb][et_pb_row _builder_version=\u00bb4.19.0&#8243; _module_preset=\u00bbdefault\u00bb width=\u00bb100%\u00bb custom_margin=\u00bb0px|0px|0px|0px|false|false\u00bb custom_padding=\u00bb0px|0px|0px|0px|false|false\u00bb global_colors_info=\u00bb{}\u00bb theme_builder_area=\u00bbet_body_layout\u00bb][et_pb_column type=\u00bb4_4&#8243; _builder_version=\u00bb4.19.0&#8243; _module_preset=\u00bbdefault\u00bb global_colors_info=\u00bb{}\u00bb theme_builder_area=\u00bbet_body_layout\u00bb][et_pb_text _builder_version=\u00bb4.19.0&#8243; _module_preset=\u00bbdefault\u00bb hover_enabled=\u00bb0&#8243; global_colors_info=\u00bb{}\u00bb theme_builder_area=\u00bbet_body_layout\u00bb sticky_enabled=\u00bb0&#8243;]<\/p>\n<p class=\"\">La Obra Social de los Empleados de Comercio y Actividades Civiles anuncia el inicio de la obra para la construcci\u00f3n de un \u00e1rea de Neonatolog\u00eda en el Sanatorio Sagrado Coraz\u00f3n, un espacio destinado a acompa\u00f1ar a nuestras beneficiarias mercantiles en el momento del nacimiento y en los primeros d\u00edas de vida de sus hijos\/as.<\/p>\n<p class=\"\">Dicha obra concluir\u00e1 hacia finales de a\u00f1o, y permitir\u00e1 el avance y mejora en la atenci\u00f3n de la mujer y el\/la ni\u00f1o\/a reci\u00e9n nacido, en especial, en aquellos casos complejos que requieran de cuidados intensivos.<\/p>\n<p class=\"\">Al respecto, Carlos P\u00e9rez, Presidente de la obra social mercantil resalt\u00f3 que \u201cEl Sanatorio Sagrado Coraz\u00f3n representa un emblema para nuestra Obra Social por la tecnolog\u00eda en su aparatolog\u00eda, y la construcci\u00f3n de un \u00e1rea de Neonatolog\u00eda significa un motivo m\u00e1s de orgullo para para todos los beneficiarios y beneficiarias de OSECAC. Poder acompa\u00f1arlas junto a sus hijos\/as reci\u00e9n nacidos\/as, equivale a una ampliaci\u00f3n y mejora de sus cuidados, lo cual se suma al reci\u00e9n inaugurado Centro de la Mujer que ya se encuentra funcionando para todos los chequeos anuales ginecol\u00f3gicos, iniciando el circuito con una primera consulta virtual para luego permitir que cada paciente, de acuerdo a las indicaciones del profesional, pueda realizar todos los estudios que requiera en un solo d\u00eda en un mismo lugar\u201d.<\/p>\n<p>[\/et_pb_text][\/et_pb_column][\/et_pb_row][\/et_pb_section]<\/p>\n","protected":false},"excerpt":{"rendered":"<p>La Obra Social de los Empleados de Comercio y Actividades Civiles anuncia el inicio de la obra para la construcci\u00f3n de un \u00e1rea de Neonatolog\u00eda en el Sanatorio Sagrado Coraz\u00f3n, un espacio destinado a acompa\u00f1ar a nuestras beneficiarias mercantiles en el momento del nacimiento y en los primeros d\u00edas de vida de sus hijos\/as. Dicha [&hellip;]<\/p>\n","protected":false},"author":1,"featured_media":186,"comment_status":"open","ping_status":"open","sticky":false,"template":"","format":"standard","meta":{"_et_pb_use_builder":"on","_et_pb_old_content":"","_et_gb_content_width":"","footnotes":""},"categories":[6],"tags":[],"class_list":["post-185","post","type-post","status-publish","format-standard","has-post-thumbnail","hentry","category-ginecologia"],"_links":{"self":[{"href":"https:\/\/www.osecac.org.ar\/Novedades\/wp-json\/wp\/v2\/posts\/185","targetHints":{"allow":["GET"]}}],"collection":[{"href":"https:\/\/www.osecac.org.ar\/Novedades\/wp-json\/wp\/v2\/posts"}],"about":[{"href":"https:\/\/www.osecac.org.ar\/Novedades\/wp-json\/wp\/v2\/types\/post"}],"author":[{"embeddable":true,"href":"https:\/\/www.osecac.org.ar\/Novedades\/wp-json\/wp\/v2\/users\/1"}],"replies":[{"embeddable":true,"href":"https:\/\/www.osecac.org.ar\/Novedades\/wp-json\/wp\/v2\/comments?post=185"}],"version-history":[{"count":0,"href":"https:\/\/www.osecac.org.ar\/Novedades\/wp-json\/wp\/v2\/posts\/185\/revisions"}],"wp:featuredmedia":[{"embeddable":true,"href":"https:\/\/www.osecac.org.ar\/Novedades\/wp-json\/wp\/v2\/media\/186"}],"wp:attachment":[{"href":"https:\/\/www.osecac.org.ar\/Novedades\/wp-json\/wp\/v2\/media?parent=185"}],"wp:term":[{"taxonomy":"category","embeddable":true,"href":"https:\/\/www.osecac.org.ar\/Novedades\/wp-json\/wp\/v2\/categories?post=185"},{"taxonomy":"post_tag","embeddable":true,"href":"https:\/\/www.osecac.org.ar\/Novedades\/wp-json\/wp\/v2\/tags?post=185"}],"curies":[{"name":"wp","href":"https:\/\/api.w.org\/{rel}","templated":true}]}}