{"id":1766,"date":"2026-04-24T15:37:08","date_gmt":"2026-04-24T18:37:08","guid":{"rendered":"https:\/\/www.osecac.org.ar\/Novedades\/?p=1766"},"modified":"2026-04-24T15:37:12","modified_gmt":"2026-04-24T18:37:12","slug":"comenzo-la-campana-de-vacunacion-antigripal-2026","status":"publish","type":"post","link":"https:\/\/www.osecac.org.ar\/Novedades\/comenzo-la-campana-de-vacunacion-antigripal-2026\/","title":{"rendered":"\u00a1Comenz\u00f3 la campa\u00f1a de vacunaci\u00f3n antigripal 2026!"},"content":{"rendered":"<p>[et_pb_section fb_built=\u00bb1&#8243; _builder_version=\u00bb4.19.0&#8243; _module_preset=\u00bbdefault\u00bb custom_margin=\u00bb|0px||0px|false|false\u00bb custom_padding=\u00bb8px|0px||0px|false|false\u00bb global_colors_info=\u00bb{}\u00bb theme_builder_area=\u00bbet_body_layout\u00bb][et_pb_row _builder_version=\u00bb4.19.0&#8243; _module_preset=\u00bbdefault\u00bb width=\u00bb100%\u00bb custom_margin=\u00bb0px|0px|0px|0px|false|false\u00bb custom_padding=\u00bb0px|0px|0px|0px|false|false\u00bb global_colors_info=\u00bb{}\u00bb theme_builder_area=\u00bbet_body_layout\u00bb][et_pb_column type=\u00bb4_4&#8243; _builder_version=\u00bb4.19.0&#8243; _module_preset=\u00bbdefault\u00bb global_colors_info=\u00bb{}\u00bb theme_builder_area=\u00bbet_body_layout\u00bb][et_pb_text _builder_version=\u00bb4.27.6&#8243; _module_preset=\u00bbdefault\u00bb hover_enabled=\u00bb0&#8243; global_colors_info=\u00bb{}\u00bb theme_builder_area=\u00bbet_body_layout\u00bb sticky_enabled=\u00bb0&#8243;]<\/p>\n<p>La Obra Social de los Empleados de Comercio y Actividades Civiles comenz\u00f3 a vacunar contra la gripe a todos\/as sus beneficiarios\/as que son parte de la poblaci\u00f3n de riesgo. \u00a1Enterate m\u00e1s!<\/p>\n<p>Prevenir es curar. Eso lo tenemos m\u00e1s que claro en OSECAC, por eso convocamos a todas las personas que se encuentren dentro de los siguientes grupos poblacionales a recibir esta inoculaci\u00f3n de forma totalmente gratuita:<\/p>\n<ul>\n<li><strong>Personas mayores de 65 a\u00f1os<\/strong><\/li>\n<li><strong>Embarazadas o cursando un posparto<\/strong><\/li>\n<li><strong>Ni\u00f1os\/as entre 6 a 24 meses<\/strong><\/li>\n<li><strong>Pacientes con comorbilidad como:<\/strong>\n<ul>\n<li><strong>\u00a0enfermedades respiratorias cr\u00f3nicas<\/strong><\/li>\n<li><strong>\u00a0enfermedades cardiacas y\/o con inmunodeficiencia<\/strong><\/li>\n<li><strong>\u00a0paciente con diabetes<\/strong><\/li>\n<\/ul>\n<\/li>\n<\/ul>\n<p>Aquellas personas interesadas en vacunarse, <strong>que se encuentren dentro de \u00e9ste grupo prioritario, y que sean beneficiarios\/as de AMBA,<\/strong> pueden comunicarse al <strong>0810-999-0101<\/strong> y reservar su turno para asistir a alguno de nuestros centros ambulatorios. Ingresando en <a href=\"https:\/\/www.osecac.org.ar\/Novedades\/centros-de-vacunacion-caba\/\">https:\/\/www.osecac.org.ar\/Novedades\/centros-de-vacunacion-caba\/<\/a> podr\u00e1n encontrar toda la informaci\u00f3n sobre direcciones, d\u00edas y horarios de atenci\u00f3n.<\/p>\n<p>Desde OSECAC resaltamos la importancia de tener las vacunas al d\u00eda, previene enfermedades y evita la propagaci\u00f3n de las mismas, evitando que los virus circulen en la sociedad.<\/p>\n<p>[\/et_pb_text][\/et_pb_column][\/et_pb_row][\/et_pb_section]<\/p>\n","protected":false},"excerpt":{"rendered":"<p>La Obra Social de los Empleados de Comercio y Actividades Civiles comenz\u00f3 a vacunar contra la gripe a todos\/as sus beneficiarios\/as que son parte de la poblaci\u00f3n de riesgo. \u00a1Enterate m\u00e1s! Prevenir es curar. Eso lo tenemos m\u00e1s que claro en OSECAC, por eso convocamos a todas las personas que se encuentren dentro de los [&hellip;]<\/p>\n","protected":false},"author":1,"featured_media":1767,"comment_status":"open","ping_status":"open","sticky":false,"template":"","format":"standard","meta":{"_et_pb_use_builder":"on","_et_pb_old_content":"","_et_gb_content_width":"","footnotes":""},"categories":[23],"tags":[],"class_list":["post-1766","post","type-post","status-publish","format-standard","has-post-thumbnail","hentry","category-prevencion"],"_links":{"self":[{"href":"https:\/\/www.osecac.org.ar\/Novedades\/wp-json\/wp\/v2\/posts\/1766","targetHints":{"allow":["GET"]}}],"collection":[{"href":"https:\/\/www.osecac.org.ar\/Novedades\/wp-json\/wp\/v2\/posts"}],"about":[{"href":"https:\/\/www.osecac.org.ar\/Novedades\/wp-json\/wp\/v2\/types\/post"}],"author":[{"embeddable":true,"href":"https:\/\/www.osecac.org.ar\/Novedades\/wp-json\/wp\/v2\/users\/1"}],"replies":[{"embeddable":true,"href":"https:\/\/www.osecac.org.ar\/Novedades\/wp-json\/wp\/v2\/comments?post=1766"}],"version-history":[{"count":2,"href":"https:\/\/www.osecac.org.ar\/Novedades\/wp-json\/wp\/v2\/posts\/1766\/revisions"}],"predecessor-version":[{"id":1771,"href":"https:\/\/www.osecac.org.ar\/Novedades\/wp-json\/wp\/v2\/posts\/1766\/revisions\/1771"}],"wp:featuredmedia":[{"embeddable":true,"href":"https:\/\/www.osecac.org.ar\/Novedades\/wp-json\/wp\/v2\/media\/1767"}],"wp:attachment":[{"href":"https:\/\/www.osecac.org.ar\/Novedades\/wp-json\/wp\/v2\/media?parent=1766"}],"wp:term":[{"taxonomy":"category","embeddable":true,"href":"https:\/\/www.osecac.org.ar\/Novedades\/wp-json\/wp\/v2\/categories?post=1766"},{"taxonomy":"post_tag","embeddable":true,"href":"https:\/\/www.osecac.org.ar\/Novedades\/wp-json\/wp\/v2\/tags?post=1766"}],"curies":[{"name":"wp","href":"https:\/\/api.w.org\/{rel}","templated":true}]}}