{"id":168,"date":"2022-11-09T16:34:34","date_gmt":"2022-11-09T19:34:34","guid":{"rendered":"https:\/\/www.osecac.org.ar\/Novedades\/?p=168"},"modified":"2022-11-15T10:24:29","modified_gmt":"2022-11-15T13:24:29","slug":"osecac-a-la-vanguardia-en-cuidados-para-la-mujer","status":"publish","type":"post","link":"https:\/\/www.osecac.org.ar\/Novedades\/osecac-a-la-vanguardia-en-cuidados-para-la-mujer\/","title":{"rendered":"OSECAC A LA VANGUARDIA EN CUIDADOS PARA LA MUJER"},"content":{"rendered":"<p>[et_pb_section fb_built=\u00bb1&#8243; _builder_version=\u00bb4.19.0&#8243; _module_preset=\u00bbdefault\u00bb custom_margin=\u00bb|0px||0px|false|false\u00bb custom_padding=\u00bb8px|0px||0px|false|false\u00bb global_colors_info=\u00bb{}\u00bb theme_builder_area=\u00bbpost_content\u00bb][et_pb_row _builder_version=\u00bb4.19.0&#8243; _module_preset=\u00bbdefault\u00bb width=\u00bb100%\u00bb custom_margin=\u00bb0px|0px|0px|0px|false|false\u00bb custom_padding=\u00bb0px|0px|0px|0px|false|false\u00bb global_colors_info=\u00bb{}\u00bb theme_builder_area=\u00bbpost_content\u00bb][et_pb_column type=\u00bb4_4&#8243; _builder_version=\u00bb4.19.0&#8243; _module_preset=\u00bbdefault\u00bb global_colors_info=\u00bb{}\u00bb theme_builder_area=\u00bbpost_content\u00bb][et_pb_text _builder_version=\u00bb4.19.0&#8243; _module_preset=\u00bbdefault\u00bb hover_enabled=\u00bb0&#8243; global_colors_info=\u00bb{}\u00bb theme_builder_area=\u00bbpost_content\u00bb sticky_enabled=\u00bb0&#8243;]<\/p>\n<p class=\"\">La Obra Social de los Empleados de Comercio y Actividades Civiles inaugur\u00f3 el Centro de la Mujer en Capital Federal, un espacio dedicado pura y exclusivamente para las beneficiarias mercantiles, quienes, a partir de ahora, gozan de una atenci\u00f3n profesional integral, con equipamientos de \u00faltima tecnolog\u00eda.<span>\u00a0<\/span><strong>\u00a1Te invitamos a que agendes un turno para la primera consulta virtual a trav\u00e9s de la App OSECAC!<\/strong><\/p>\n<p class=\"\">OSECAC, en conjunto con la Fundaci\u00f3n Jaime Roca, pone en marcha el centro para la mujer, en Per\u00f3n 3615. La novedad es la integralidad en la atenci\u00f3n, ya que la paciente puede realizarse, luego de una primera consulta virtual, todos los estudios de su<span>\u00a0<\/span><strong>chequeo anual ginecol\u00f3gico<\/strong><span>\u00a0<\/span>en un mismo d\u00eda, y retirarlos en un corto plazo de tiempo para obtener resultados y diagn\u00f3stico r\u00e1pido.<\/p>\n<p class=\"\">Dentro de los estudios que pueden realizarse en el lugar, se encuentran consultorios destinados a la realizaci\u00f3n de ecograf\u00eda ginecol\u00f3gica y mamaria, \u00e1rea de mamograf\u00eda y densitometr\u00edas.<\/p>\n<p>[\/et_pb_text][et_pb_text _builder_version=\u00bb4.19.0&#8243; _module_preset=\u00bbdefault\u00bb text_text_color=\u00bb#0D5AAA\u00bb background_color=\u00bbrgba(19,169,244,0.18)\u00bb custom_padding=\u00bb10px|10px|10px|10px|true|true\u00bb hover_enabled=\u00bb0&#8243; border_radii=\u00bbon|10px|10px|10px|10px\u00bb global_colors_info=\u00bb{}\u00bb theme_builder_area=\u00bbpost_content\u00bb locked=\u00bboff\u00bb sticky_enabled=\u00bb0&#8243;]<\/p>\n<div class=\"alert alert-primary\" role=\"alert\">\n<h3 class=\"\"><strong>\u00bfC\u00f3mo es el proceso de <\/strong><strong>atenci\u00f3n?<\/strong><\/h3>\n<ol>\n<li class=\"\">Sac\u00e1s un turno para una consulta virtual donde el m\u00e9dico\/a definir\u00e1 los estudios requeridos de acuerdo a tu edad e historia cl\u00ednica. En esa consulta ya te otorgan el turno para los estudios y para una consulta presencial.<\/li>\n<li class=\"\">Realizas todos los estudios solicitados, en una \u00fanica visita al Centro de la Mujer.<\/li>\n<li class=\"\">Asist\u00eds a una segunda consulta presencial en donde el m\u00e9dico realiza los estudios finales en el consultorio.<\/li>\n<li class=\"\">Recib\u00eds los resultados de todos los estudios con la devoluci\u00f3n del m\u00e9dico, completando el chequeo anual ginecol\u00f3gico.<\/li>\n<\/ol>\n<\/div>\n<p>[\/et_pb_text][et_pb_text _builder_version=\u00bb4.19.0&#8243; _module_preset=\u00bbdefault\u00bb hover_enabled=\u00bb0&#8243; global_colors_info=\u00bb{}\u00bb theme_builder_area=\u00bbpost_content\u00bb sticky_enabled=\u00bb0&#8243;]<\/p>\n<p class=\"\"><span>Al respecto, Carlos P\u00e9rez, Presidente de la obra social mercantil resalt\u00f3 que \u201cel centro de atenci\u00f3n para la mujer es un motivo de orgullo para todos los beneficiarios y beneficiarias de OSECAC. Este lugar, que logr\u00f3 construirse con mucho esfuerzo y gracias al aporte de los trabajadores de comercio, har\u00e1 una diferencia en la atenci\u00f3n de las beneficiarias ya que en una \u00fanica visita y con un s\u00f3lo turno, podr\u00e1n realizarse los principales estudios que permiten realizar una evaluaci\u00f3n r\u00e1pida y eficiente de cada paciente\u201d.<\/span><\/p>\n<p>[\/et_pb_text][et_pb_text _builder_version=\u00bb4.19.0&#8243; _module_preset=\u00bbdefault\u00bb text_text_color=\u00bb#0D5AAA\u00bb background_color=\u00bbrgba(19,169,244,0.18)\u00bb text_orientation=\u00bbcenter\u00bb custom_padding=\u00bb10px|10px|10px|10px|true|true\u00bb hover_enabled=\u00bb0&#8243; border_radii=\u00bbon|10px|10px|10px|10px\u00bb global_colors_info=\u00bb{}\u00bb theme_builder_area=\u00bbpost_content\u00bb locked=\u00bboff\u00bb sticky_enabled=\u00bb0&#8243;]<\/p>\n<div class=\"alert alert-primary\" role=\"alert\">\n<h3 class=\"alert alert-info\" role=\"alert\"><strong>Importante<\/strong><\/h3>\n<div class=\"alert alert-info\" role=\"alert\">Servicio habilitado para beneficiarias directas y jubiladas.<\/div>\n<\/div>\n<p>[\/et_pb_text][et_pb_text _builder_version=\u00bb4.19.0&#8243; _module_preset=\u00bbdefault\u00bb text_text_color=\u00bb#0D5AAA\u00bb background_color=\u00bbrgba(0,22,38,0.09)\u00bb text_orientation=\u00bbcenter\u00bb custom_padding=\u00bb10px|10px|10px|10px|true|true\u00bb hover_enabled=\u00bb0&#8243; border_radii=\u00bbon|10px|10px|10px|10px\u00bb global_colors_info=\u00bb{}\u00bb theme_builder_area=\u00bbpost_content\u00bb locked=\u00bboff\u00bb sticky_enabled=\u00bb0&#8243;]<\/p>\n<div class=\"alert alert-danger\" role=\"alert\">Agenda tu primera consulta virtual a trav\u00e9s de la App OSECAC* (<strong><a href=\"https:\/\/www.osecac.org.ar\/Novedades\/app_osecac.html\" class=\"\">+ INFO<\/a><\/strong>) o de nuestra central de turnos telef\u00f3nica 0810-999-0101<\/div>\n<p>[\/et_pb_text][et_pb_text _builder_version=\u00bb4.19.0&#8243; _module_preset=\u00bbdefault\u00bb theme_builder_area=\u00bbpost_content\u00bb hover_enabled=\u00bb0&#8243; sticky_enabled=\u00bb0&#8243;]<\/p>\n<p><span>*Record\u00e1 actualizar siempre tu App para tener disponible las \u00faltimas funciones<\/span><\/p>\n<p>[\/et_pb_text][et_pb_video src=\u00bbhttps:\/\/www.youtube.com\/watch?v=oqRLB_4i6TI\u00bb _builder_version=\u00bb4.19.0&#8243; _module_preset=\u00bbdefault\u00bb theme_builder_area=\u00bbpost_content\u00bb hover_enabled=\u00bb0&#8243; sticky_enabled=\u00bb0&#8243;][\/et_pb_video][\/et_pb_column][\/et_pb_row][\/et_pb_section]<\/p>\n","protected":false},"excerpt":{"rendered":"<p>La Obra Social de los Empleados de Comercio y Actividades Civiles inaugur\u00f3 el Centro de la Mujer en Capital Federal, un espacio dedicado pura y exclusivamente para las beneficiarias mercantiles, quienes, a partir de ahora, gozan de una atenci\u00f3n profesional integral, con equipamientos de \u00faltima tecnolog\u00eda.\u00a0\u00a1Te invitamos a que agendes un turno para la primera [&hellip;]<\/p>\n","protected":false},"author":1,"featured_media":169,"comment_status":"open","ping_status":"open","sticky":false,"template":"","format":"standard","meta":{"_et_pb_use_builder":"on","_et_pb_old_content":"","_et_gb_content_width":"","footnotes":""},"categories":[6],"tags":[],"class_list":["post-168","post","type-post","status-publish","format-standard","has-post-thumbnail","hentry","category-ginecologia"],"_links":{"self":[{"href":"https:\/\/www.osecac.org.ar\/Novedades\/wp-json\/wp\/v2\/posts\/168","targetHints":{"allow":["GET"]}}],"collection":[{"href":"https:\/\/www.osecac.org.ar\/Novedades\/wp-json\/wp\/v2\/posts"}],"about":[{"href":"https:\/\/www.osecac.org.ar\/Novedades\/wp-json\/wp\/v2\/types\/post"}],"author":[{"embeddable":true,"href":"https:\/\/www.osecac.org.ar\/Novedades\/wp-json\/wp\/v2\/users\/1"}],"replies":[{"embeddable":true,"href":"https:\/\/www.osecac.org.ar\/Novedades\/wp-json\/wp\/v2\/comments?post=168"}],"version-history":[{"count":0,"href":"https:\/\/www.osecac.org.ar\/Novedades\/wp-json\/wp\/v2\/posts\/168\/revisions"}],"wp:featuredmedia":[{"embeddable":true,"href":"https:\/\/www.osecac.org.ar\/Novedades\/wp-json\/wp\/v2\/media\/169"}],"wp:attachment":[{"href":"https:\/\/www.osecac.org.ar\/Novedades\/wp-json\/wp\/v2\/media?parent=168"}],"wp:term":[{"taxonomy":"category","embeddable":true,"href":"https:\/\/www.osecac.org.ar\/Novedades\/wp-json\/wp\/v2\/categories?post=168"},{"taxonomy":"post_tag","embeddable":true,"href":"https:\/\/www.osecac.org.ar\/Novedades\/wp-json\/wp\/v2\/tags?post=168"}],"curies":[{"name":"wp","href":"https:\/\/api.w.org\/{rel}","templated":true}]}}