{"id":1675,"date":"2025-12-26T21:39:27","date_gmt":"2025-12-27T00:39:27","guid":{"rendered":"https:\/\/www.osecac.org.ar\/Novedades\/?p=1675"},"modified":"2025-12-26T21:42:19","modified_gmt":"2025-12-27T00:42:19","slug":"felices-fiestas","status":"publish","type":"post","link":"https:\/\/www.osecac.org.ar\/Novedades\/felices-fiestas\/","title":{"rendered":"\u00a1Felices fiestas!"},"content":{"rendered":"\n[et_pb_section fb_built=\u00bb1&#8243; _builder_version=\u00bb4.27.4&#8243; _module_preset=\u00bbdefault\u00bb custom_padding=\u00bb0px||0px||true|false\u00bb global_colors_info=\u00bb{}\u00bb theme_builder_area=\u00bbet_body_layout\u00bb][et_pb_row _builder_version=\u00bb4.27.4&#8243; _module_preset=\u00bbdefault\u00bb width=\u00bb100%\u00bb custom_padding=\u00bb0px||0px||true|false\u00bb global_colors_info=\u00bb{}\u00bb theme_builder_area=\u00bbet_body_layout\u00bb][et_pb_column type=\u00bb4_4&#8243; _builder_version=\u00bb4.27.4&#8243; _module_preset=\u00bbdefault\u00bb global_colors_info=\u00bb{}\u00bb theme_builder_area=\u00bbet_body_layout\u00bb][et_pb_text _builder_version=\u00bb4.27.4&#8243; _module_preset=\u00bbdefault\u00bb hover_enabled=\u00bb0&#8243; global_colors_info=\u00bb{}\u00bb theme_builder_area=\u00bbet_body_layout\u00bb sticky_enabled=\u00bb0&#8243;]<p>Desde la Obra Social de los Empleados de Comercio queremos desearle a todos nuestros beneficiarios un feliz y pr\u00f3spero a\u00f1o nuevo.<\/p>\n<p>Ser parte de la Obra Social Sindical m\u00e1s grande del pa\u00eds nos llena de orgullo por eso renovamos nuestro compromiso de m\u00e1s atenci\u00f3n y m\u00e1s servicios para toda la familia mercantil.<\/p>\n<p>Para celebrar con nuestros pacientes, el Sanatorio Sagrado Coraz\u00f3n se visti\u00f3 de fiesta, fue sede de nuestro \u00e1rbol de navidad d\u00f3nde participaron todos los sectores en su armado y todos juntos lo llenamos de esp\u00edritu navide\u00f1o.<\/p>\n<p>Adem\u00e1s, nos pusimos un objetivo claro: que nuestros pacientes m\u00e1s chiquitos puedan disfrutar de una Noche Buena especial, por eso organizamos entre todos una navidad llena de sorpresas. <\/p>[\/et_pb_text][\/et_pb_column][\/et_pb_row][et_pb_row _builder_version=\u00bb4.27.4&#8243; _module_preset=\u00bbdefault\u00bb width=\u00bb100%\u00bb custom_padding=\u00bb0px||0px||true|false\u00bb hover_enabled=\u00bb0&#8243; global_colors_info=\u00bb{}\u00bb theme_builder_area=\u00bbet_body_layout\u00bb custom_margin=\u00bb64px|auto||auto||\u00bb sticky_enabled=\u00bb0&#8243;][et_pb_column type=\u00bb4_4&#8243; _builder_version=\u00bb4.27.4&#8243; _module_preset=\u00bbdefault\u00bb global_colors_info=\u00bb{}\u00bb theme_builder_area=\u00bbet_body_layout\u00bb][et_pb_gallery _builder_version=\u00bb4.27.4&#8243; _module_preset=\u00bbdefault\u00bb theme_builder_area=\u00bbet_body_layout\u00bb gallery_ids=\u00bb1679,1680,1681,1682,1683,1684,1685,1686,1687,1688&#8243; posts_number=\u00bb10&#8243; hover_enabled=\u00bb0&#8243; sticky_enabled=\u00bb0&#8243;][\/et_pb_gallery][\/et_pb_column][\/et_pb_row][\/et_pb_section]\n","protected":false},"excerpt":{"rendered":"<p>Desde la Obra Social de los Empleados de Comercio queremos desearle a todos nuestros beneficiarios un feliz y pr\u00f3spero a\u00f1o nuevo. <\/p>\n","protected":false},"author":1,"featured_media":1677,"comment_status":"open","ping_status":"open","sticky":false,"template":"","format":"standard","meta":{"_et_pb_use_builder":"on","_et_pb_old_content":"","_et_gb_content_width":"","footnotes":""},"categories":[10],"tags":[],"class_list":["post-1675","post","type-post","status-publish","format-standard","has-post-thumbnail","hentry","category-sanatorio-sagrado-corazon"],"_links":{"self":[{"href":"https:\/\/www.osecac.org.ar\/Novedades\/wp-json\/wp\/v2\/posts\/1675","targetHints":{"allow":["GET"]}}],"collection":[{"href":"https:\/\/www.osecac.org.ar\/Novedades\/wp-json\/wp\/v2\/posts"}],"about":[{"href":"https:\/\/www.osecac.org.ar\/Novedades\/wp-json\/wp\/v2\/types\/post"}],"author":[{"embeddable":true,"href":"https:\/\/www.osecac.org.ar\/Novedades\/wp-json\/wp\/v2\/users\/1"}],"replies":[{"embeddable":true,"href":"https:\/\/www.osecac.org.ar\/Novedades\/wp-json\/wp\/v2\/comments?post=1675"}],"version-history":[{"count":3,"href":"https:\/\/www.osecac.org.ar\/Novedades\/wp-json\/wp\/v2\/posts\/1675\/revisions"}],"predecessor-version":[{"id":1691,"href":"https:\/\/www.osecac.org.ar\/Novedades\/wp-json\/wp\/v2\/posts\/1675\/revisions\/1691"}],"wp:featuredmedia":[{"embeddable":true,"href":"https:\/\/www.osecac.org.ar\/Novedades\/wp-json\/wp\/v2\/media\/1677"}],"wp:attachment":[{"href":"https:\/\/www.osecac.org.ar\/Novedades\/wp-json\/wp\/v2\/media?parent=1675"}],"wp:term":[{"taxonomy":"category","embeddable":true,"href":"https:\/\/www.osecac.org.ar\/Novedades\/wp-json\/wp\/v2\/categories?post=1675"},{"taxonomy":"post_tag","embeddable":true,"href":"https:\/\/www.osecac.org.ar\/Novedades\/wp-json\/wp\/v2\/tags?post=1675"}],"curies":[{"name":"wp","href":"https:\/\/api.w.org\/{rel}","templated":true}]}}