{"id":1651,"date":"2025-11-19T06:54:39","date_gmt":"2025-11-19T09:54:39","guid":{"rendered":"https:\/\/www.osecac.org.ar\/Novedades\/?p=1651"},"modified":"2025-11-19T06:54:43","modified_gmt":"2025-11-19T09:54:43","slug":"semana-del-nino-a-prematuro-a","status":"publish","type":"post","link":"https:\/\/www.osecac.org.ar\/Novedades\/semana-del-nino-a-prematuro-a\/","title":{"rendered":"Semana del ni\u00f1o\/a prematuro\/a"},"content":{"rendered":"<p>[et_pb_section fb_built=\u00bb1&#8243; _builder_version=\u00bb4.27.4&#8243; _module_preset=\u00bbdefault\u00bb custom_padding=\u00bb0px||0px||true|false\u00bb global_colors_info=\u00bb{}\u00bb theme_builder_area=\u00bbet_body_layout\u00bb][et_pb_row _builder_version=\u00bb4.27.4&#8243; _module_preset=\u00bbdefault\u00bb width=\u00bb100%\u00bb custom_padding=\u00bb0px||0px||true|false\u00bb global_colors_info=\u00bb{}\u00bb theme_builder_area=\u00bbet_body_layout\u00bb][et_pb_column type=\u00bb4_4&#8243; _builder_version=\u00bb4.27.4&#8243; _module_preset=\u00bbdefault\u00bb global_colors_info=\u00bb{}\u00bb theme_builder_area=\u00bbet_body_layout\u00bb][et_pb_text _builder_version=\u00bb4.27.4&#8243; _module_preset=\u00bbdefault\u00bb hover_enabled=\u00bb0&#8243; global_colors_info=\u00bb{}\u00bb theme_builder_area=\u00bbet_body_layout\u00bb sticky_enabled=\u00bb0&#8243;]<\/p>\n<p>Cada 17 de noviembre se conmemora el D\u00eda Mundial del Ni\u00f1o\/a Prematuro\/a y, desde hace m\u00e1s de una d\u00e9cada, UNICEF propone utilizar toda la semana, para concientizar a la sociedad sobre esta condici\u00f3n. Este a\u00f1o se realiza bajo el lema <strong>\u201cBrindar a los beb\u00e9s prematuros un buen comienzo para un futuro m\u00e1s brillante\u201d.<\/strong><\/p>\n<p><strong>Desde OSECAC queremos aprovechar la efem\u00e9ride para acercar informaci\u00f3n valiosa para la comunidad en su conjunto ya que todos podemos ayudar.<\/strong><\/p>\n<p>Cuando hablamos de ni\u00f1o\/a prematuro\/a nos referimos a aquellos\/as beb\u00e9s que nacen antes de las 37 semanas de gestaci\u00f3n. En Argentina la prematurez es la primera causa de mortalidad infantil, y con medidas perinatales de control y prevenci\u00f3n la mayor\u00eda de las veces, se puede lograr una gestaci\u00f3n a t\u00e9rmino.<\/p>\n<p>Es importante realizar los <strong>controles prenatales<\/strong> durante el embarazo como as\u00ed tambi\u00e9n llevar una <strong>vida saludable<\/strong> ya que los accidentes, vivir situaciones estresantes, una mala nutrici\u00f3n, el consumo de tabaco, alcohol o drogas tambi\u00e9n son factores de riesgo.<\/p>\n<p>Para los\/as pacientes prematuros\/as es <strong>fundamental el trabajo en equipo entre las familias, y la unidad de cuidado neonatal.<\/strong> La familia del reci\u00e9n nacido tiene un rol primordial ya que est\u00e1 comprobado que el contacto piel a piel con la madre, los cuidados integrales del neurodesarrollo y los controles pos-alta, permiten que los beb\u00e9s prematuros se estabilicen m\u00e1s r\u00e1pido, recuperen peso, y mejoren su desarrollo a largo plazo<\/p>\n<p>Nuestro Sanatorio Sagrado Coraz\u00f3n cuenta con un piso exclusivo de neonatolog\u00eda de alta complejidad, equipado con tecnolog\u00eda de \u00faltima generaci\u00f3n y con profesionales preparados para promover un v\u00ednculo s\u00f3lido entre las familias, capacitando para los cuidados espec\u00edficos que requieren los reci\u00e9n nacidos prematuros con el objetivo de lograr una transici\u00f3n segura desde la internaci\u00f3n neonatal al hogar.<\/p>\n<p>Generar equipos de trabajo entre los servicios perinatales y las familias mejoran los est\u00e1ndares de cuidado y la sobrevida sin morbilidades de los reci\u00e9n nacidos prematuros. Sigamos trabajando juntos para <strong>\u201cBrindar a los beb\u00e9s prematuros un buen comienzo para un futuro m\u00e1s brillante\u201d. <\/strong><\/p>\n<p>[\/et_pb_text][\/et_pb_column][\/et_pb_row][\/et_pb_section]<\/p>\n","protected":false},"excerpt":{"rendered":"<p>Cada 17 de noviembre se conmemora el D\u00eda Mundial del Ni\u00f1o\/a Prematuro\/a y, desde hace m\u00e1s de una d\u00e9cada, UNICEF propone utilizar toda la semana, para concientizar a la sociedad sobre esta condici\u00f3n. Este a\u00f1o se realiza bajo el lema \u201cBrindar a los beb\u00e9s prematuros un buen comienzo para un futuro m\u00e1s brillante\u201d. <\/p>\n","protected":false},"author":1,"featured_media":1652,"comment_status":"open","ping_status":"open","sticky":false,"template":"","format":"standard","meta":{"_et_pb_use_builder":"on","_et_pb_old_content":"","_et_gb_content_width":"","footnotes":""},"categories":[10],"tags":[],"class_list":["post-1651","post","type-post","status-publish","format-standard","has-post-thumbnail","hentry","category-sanatorio-sagrado-corazon"],"_links":{"self":[{"href":"https:\/\/www.osecac.org.ar\/Novedades\/wp-json\/wp\/v2\/posts\/1651","targetHints":{"allow":["GET"]}}],"collection":[{"href":"https:\/\/www.osecac.org.ar\/Novedades\/wp-json\/wp\/v2\/posts"}],"about":[{"href":"https:\/\/www.osecac.org.ar\/Novedades\/wp-json\/wp\/v2\/types\/post"}],"author":[{"embeddable":true,"href":"https:\/\/www.osecac.org.ar\/Novedades\/wp-json\/wp\/v2\/users\/1"}],"replies":[{"embeddable":true,"href":"https:\/\/www.osecac.org.ar\/Novedades\/wp-json\/wp\/v2\/comments?post=1651"}],"version-history":[{"count":2,"href":"https:\/\/www.osecac.org.ar\/Novedades\/wp-json\/wp\/v2\/posts\/1651\/revisions"}],"predecessor-version":[{"id":1655,"href":"https:\/\/www.osecac.org.ar\/Novedades\/wp-json\/wp\/v2\/posts\/1651\/revisions\/1655"}],"wp:featuredmedia":[{"embeddable":true,"href":"https:\/\/www.osecac.org.ar\/Novedades\/wp-json\/wp\/v2\/media\/1652"}],"wp:attachment":[{"href":"https:\/\/www.osecac.org.ar\/Novedades\/wp-json\/wp\/v2\/media?parent=1651"}],"wp:term":[{"taxonomy":"category","embeddable":true,"href":"https:\/\/www.osecac.org.ar\/Novedades\/wp-json\/wp\/v2\/categories?post=1651"},{"taxonomy":"post_tag","embeddable":true,"href":"https:\/\/www.osecac.org.ar\/Novedades\/wp-json\/wp\/v2\/tags?post=1651"}],"curies":[{"name":"wp","href":"https:\/\/api.w.org\/{rel}","templated":true}]}}