{"id":1631,"date":"2025-10-16T12:09:05","date_gmt":"2025-10-16T15:09:05","guid":{"rendered":"https:\/\/www.osecac.org.ar\/Novedades\/?p=1631"},"modified":"2025-10-16T12:09:08","modified_gmt":"2025-10-16T15:09:08","slug":"dia-mundial-de-la-lucha-contra-el-cancer-de-mama","status":"publish","type":"post","link":"https:\/\/www.osecac.org.ar\/Novedades\/dia-mundial-de-la-lucha-contra-el-cancer-de-mama\/","title":{"rendered":"D\u00eda Mundial de la Lucha Contra el C\u00e1ncer de Mama"},"content":{"rendered":"<p>[et_pb_section fb_built=\u00bb1&#8243; _builder_version=\u00bb4.27.4&#8243; _module_preset=\u00bbdefault\u00bb custom_padding=\u00bb0px||0px||true|false\u00bb global_colors_info=\u00bb{}\u00bb theme_builder_area=\u00bbet_body_layout\u00bb][et_pb_row _builder_version=\u00bb4.27.4&#8243; _module_preset=\u00bbdefault\u00bb width=\u00bb100%\u00bb custom_padding=\u00bb0px||0px||true|false\u00bb global_colors_info=\u00bb{}\u00bb theme_builder_area=\u00bbet_body_layout\u00bb][et_pb_column type=\u00bb4_4&#8243; _builder_version=\u00bb4.27.4&#8243; _module_preset=\u00bbdefault\u00bb global_colors_info=\u00bb{}\u00bb theme_builder_area=\u00bbet_body_layout\u00bb][et_pb_text _builder_version=\u00bb4.27.4&#8243; _module_preset=\u00bbdefault\u00bb global_colors_info=\u00bb{}\u00bb theme_builder_area=\u00bbet_body_layout\u00bb]<\/p>\n<p>Cada 19 de octubre, desde 1988 y por iniciativa de la Organizaci\u00f3n Mundial de la Salud (OMS), se celebra el <strong>D\u00eda Mundial de la Lucha Contra el C\u00e1ncer de Mama.<\/strong> Esta efem\u00e9ride tiene por objetivo crear mayor grado de conciencia en la sociedad sobre esta enfermedad y, principalmente sobre su prevenci\u00f3n ya que <strong>la detecci\u00f3n precoz es fundamental para el tratamiento oportuno y con mayor efectividad.<\/strong><\/p>\n<p>Por eso desde OSECAC queremos despejarte todas las dudas al respecto:<\/p>\n<h3>\u00bfQu\u00e9 es el C\u00e1ncer de mama?<\/h3>\n<p>Es la alteraci\u00f3n de las c\u00e9lulas de la mama, las cuales se multiplican de manera descontrolada y provocan tumores.<\/p>\n<h3>\u00bfLe pasa solo a las mujeres?<\/h3>\n<p>Se trata de una de las patolog\u00edas m\u00e1s frecuentes en el g\u00e9nero femenino. La OMS afirma que de todos los casos, el 99% corresponde a mujeres pero hay entre el 0,5% y el 1% de pacientes hombres.<\/p>\n<h3>\u00bfPuede curarse?<\/h3>\n<p>Las posibilidades de curaci\u00f3n de los c\u00e1nceres de mama que se detectan en su etapa inicial son muy elevadas.<\/p>\n<h3>\u00bfPuede prevenirse?<\/h3>\n<p>S\u00ed, es importante conocer los antecedentes familiares, pero existe la posibilidad de modificar enormemente las perspectivas de contraer y\/o curar el c\u00e1ncer de mama llevando un estilo de vida saludable, sumando la realizaci\u00f3n oportuna de pruebas y ex\u00e1menes de detecci\u00f3n.<\/p>\n<h3>\u00bfC\u00f3mo debo controlarme?<\/h3>\n<p>La autoexploraci\u00f3n rutinaria es la manera m\u00e1s sencilla, casera y autogestiva para controlar regularmente, la aparici\u00f3n de anomal\u00edas y n\u00f3dulas en las mamas.<\/p>\n<p>A su vez, es necesario realizarse todos los a\u00f1os un chequeo ginecol\u00f3gico que incluye ex\u00e1menes mamarios como ecograf\u00eda y, para aquellas mujeres que est\u00e1n entre 40 y 65 a\u00f1os, mamograf\u00eda.<\/p>\n<p>[\/et_pb_text][\/et_pb_column][\/et_pb_row][et_pb_row _builder_version=\u00bb4.27.4&#8243; _module_preset=\u00bbdefault\u00bb theme_builder_area=\u00bbet_body_layout\u00bb width=\u00bb100%\u00bb custom_padding=\u00bb20px|20px|20px|20px|true|true\u00bb custom_margin=\u00bb30px||||false|false\u00bb background_color=\u00bbrgba(12,113,195,0.06)\u00bb border_radii=\u00bbon|10px|10px|10px|10px\u00bb hover_enabled=\u00bb0&#8243; sticky_enabled=\u00bb0&#8243;][et_pb_column _builder_version=\u00bb4.27.4&#8243; _module_preset=\u00bbdefault\u00bb type=\u00bb4_4&#8243; theme_builder_area=\u00bbet_body_layout\u00bb][et_pb_text _builder_version=\u00bb4.27.4&#8243; _module_preset=\u00bbdefault\u00bb theme_builder_area=\u00bbet_body_layout\u00bb hover_enabled=\u00bb0&#8243; sticky_enabled=\u00bb0&#8243;]<\/p>\n<p>Para que lleves tus controles al d\u00eda, te recordamos que OSECAC cuenta con el <strong>Circuito Ginecol\u00f3gico<\/strong>, una forma sencilla, r\u00e1pida y exclusiva para nuestras beneficiarias<\/p>\n<p>[\/et_pb_text][et_pb_video src=\u00bbhttps:\/\/youtu.be\/XX2NJLmiIAs\u00bb _builder_version=\u00bb4.27.4&#8243; _module_preset=\u00bbdefault\u00bb hover_enabled=\u00bb0&#8243; global_colors_info=\u00bb{}\u00bb theme_builder_area=\u00bbet_body_layout\u00bb sticky_enabled=\u00bb0&#8243;][\/et_pb_video][\/et_pb_column][\/et_pb_row][\/et_pb_section]<\/p>\n","protected":false},"excerpt":{"rendered":"<p>Cada 19 de octubre, desde 1988 y por iniciativa de la Organizaci\u00f3n Mundial de la Salud (OMS), se celebra el D\u00eda Mundial de la Lucha Contra el C\u00e1ncer de Mama. <\/p>\n","protected":false},"author":1,"featured_media":1632,"comment_status":"open","ping_status":"open","sticky":false,"template":"","format":"standard","meta":{"_et_pb_use_builder":"on","_et_pb_old_content":"","_et_gb_content_width":"","footnotes":""},"categories":[6],"tags":[],"class_list":["post-1631","post","type-post","status-publish","format-standard","has-post-thumbnail","hentry","category-ginecologia"],"_links":{"self":[{"href":"https:\/\/www.osecac.org.ar\/Novedades\/wp-json\/wp\/v2\/posts\/1631","targetHints":{"allow":["GET"]}}],"collection":[{"href":"https:\/\/www.osecac.org.ar\/Novedades\/wp-json\/wp\/v2\/posts"}],"about":[{"href":"https:\/\/www.osecac.org.ar\/Novedades\/wp-json\/wp\/v2\/types\/post"}],"author":[{"embeddable":true,"href":"https:\/\/www.osecac.org.ar\/Novedades\/wp-json\/wp\/v2\/users\/1"}],"replies":[{"embeddable":true,"href":"https:\/\/www.osecac.org.ar\/Novedades\/wp-json\/wp\/v2\/comments?post=1631"}],"version-history":[{"count":2,"href":"https:\/\/www.osecac.org.ar\/Novedades\/wp-json\/wp\/v2\/posts\/1631\/revisions"}],"predecessor-version":[{"id":1639,"href":"https:\/\/www.osecac.org.ar\/Novedades\/wp-json\/wp\/v2\/posts\/1631\/revisions\/1639"}],"wp:featuredmedia":[{"embeddable":true,"href":"https:\/\/www.osecac.org.ar\/Novedades\/wp-json\/wp\/v2\/media\/1632"}],"wp:attachment":[{"href":"https:\/\/www.osecac.org.ar\/Novedades\/wp-json\/wp\/v2\/media?parent=1631"}],"wp:term":[{"taxonomy":"category","embeddable":true,"href":"https:\/\/www.osecac.org.ar\/Novedades\/wp-json\/wp\/v2\/categories?post=1631"},{"taxonomy":"post_tag","embeddable":true,"href":"https:\/\/www.osecac.org.ar\/Novedades\/wp-json\/wp\/v2\/tags?post=1631"}],"curies":[{"name":"wp","href":"https:\/\/api.w.org\/{rel}","templated":true}]}}