{"id":1630,"date":"2025-10-16T12:04:08","date_gmt":"2025-10-16T15:04:08","guid":{"rendered":"https:\/\/www.osecac.org.ar\/Novedades\/?p=1630"},"modified":"2025-10-16T12:04:11","modified_gmt":"2025-10-16T15:04:11","slug":"12-pre-congreso-de-cardiologia-para-nuestro-sagrado-corazon","status":"publish","type":"post","link":"https:\/\/www.osecac.org.ar\/Novedades\/12-pre-congreso-de-cardiologia-para-nuestro-sagrado-corazon\/","title":{"rendered":"12\u00b0 Pre Congreso de Cardiolog\u00eda para nuestro Sagrado Coraz\u00f3n"},"content":{"rendered":"<p>[et_pb_section fb_built=\u00bb1&#8243; _builder_version=\u00bb4.27.4&#8243; _module_preset=\u00bbdefault\u00bb custom_padding=\u00bb0px||0px||true|false\u00bb global_colors_info=\u00bb{}\u00bb theme_builder_area=\u00bbet_body_layout\u00bb][et_pb_row _builder_version=\u00bb4.27.4&#8243; _module_preset=\u00bbdefault\u00bb width=\u00bb100%\u00bb custom_padding=\u00bb0px||0px||true|false\u00bb global_colors_info=\u00bb{}\u00bb theme_builder_area=\u00bbet_body_layout\u00bb][et_pb_column type=\u00bb4_4&#8243; _builder_version=\u00bb4.27.4&#8243; _module_preset=\u00bbdefault\u00bb global_colors_info=\u00bb{}\u00bb theme_builder_area=\u00bbet_body_layout\u00bb][et_pb_text _builder_version=\u00bb4.27.4&#8243; _module_preset=\u00bbdefault\u00bb link_font=\u00bb||||on||||\u00bb global_colors_info=\u00bb{}\u00bb theme_builder_area=\u00bbet_body_layout\u00bb]<\/p>\n<p>Otro a\u00f1o m\u00e1s nuestro Sanatorio Sagrado Coraz\u00f3n participa del Pre Congreso de Cardiolog\u00eda, una jornada de intercambio interdisciplinario para nuestros Coordinadores\/as y M\u00e9dicos\/as, dedicada al trasplante card\u00edaco. El mismo se llev\u00f3 a cabo el pasado lunes 13 de octubre, bajo el lema \u201cLa experiencia de una experiencia. G\u00e9nesis y desarrollo del camino al trasplante cardiaco &#8211; Trayectoria y desaf\u00edos\u201d.<\/p>\n<p>El objetivo de estos encuentros es la capacitaci\u00f3n constante y la actualizaci\u00f3n en base al intercambio de experiencias para fortalecer el enfoque integral del cuidado del paciente trasplantado.<\/p>\n<p>El evento cont\u00f3 con exposiciones a cargo de profesionales de diversas \u00e1reas, incluyendo m\u00e9dicos\/as residentes, especialistas en insuficiencia card\u00edaca y trasplante, enfermeros\/as, kinesi\u00f3logos\/as, instrumentadores\/as quir\u00fargicas y personal administrativo.<\/p>\n<p>Adem\u00e1s, el encuentro tuvo un espacio para escuchar a pacientes trasplantados y sus familias, quienes ofrecieron testimonios donde expresaron la importancia del acompa\u00f1amiento humano antes, durante y despu\u00e9s del trasplante.<\/p>\n<p>Desde la Obra Social fomentamos estos espacios de intercambios y nos enorgullece que nuestro Sanatorio de Alta Complejidad est\u00e9 siempre presente para seguir acompa\u00f1ando a nuestros\/as pacientes<\/p>\n<p><strong>\u00a1Sigamos creciendo!<\/strong><\/p>\n<p>[\/et_pb_text][\/et_pb_column][\/et_pb_row][\/et_pb_section]<\/p>\n","protected":false},"excerpt":{"rendered":"<p>Otro a\u00f1o m\u00e1s nuestro Sanatorio Sagrado Coraz\u00f3n participa del Pre Congreso de Cardiolog\u00eda, una jornada de intercambio interdisciplinario para nuestros Coordinadores\/as y M\u00e9dicos\/as, dedicada al trasplante card\u00edaco.<\/p>\n","protected":false},"author":1,"featured_media":1633,"comment_status":"open","ping_status":"open","sticky":false,"template":"","format":"standard","meta":{"_et_pb_use_builder":"on","_et_pb_old_content":"","_et_gb_content_width":"","footnotes":""},"categories":[10],"tags":[],"class_list":["post-1630","post","type-post","status-publish","format-standard","has-post-thumbnail","hentry","category-sanatorio-sagrado-corazon"],"_links":{"self":[{"href":"https:\/\/www.osecac.org.ar\/Novedades\/wp-json\/wp\/v2\/posts\/1630","targetHints":{"allow":["GET"]}}],"collection":[{"href":"https:\/\/www.osecac.org.ar\/Novedades\/wp-json\/wp\/v2\/posts"}],"about":[{"href":"https:\/\/www.osecac.org.ar\/Novedades\/wp-json\/wp\/v2\/types\/post"}],"author":[{"embeddable":true,"href":"https:\/\/www.osecac.org.ar\/Novedades\/wp-json\/wp\/v2\/users\/1"}],"replies":[{"embeddable":true,"href":"https:\/\/www.osecac.org.ar\/Novedades\/wp-json\/wp\/v2\/comments?post=1630"}],"version-history":[{"count":2,"href":"https:\/\/www.osecac.org.ar\/Novedades\/wp-json\/wp\/v2\/posts\/1630\/revisions"}],"predecessor-version":[{"id":1637,"href":"https:\/\/www.osecac.org.ar\/Novedades\/wp-json\/wp\/v2\/posts\/1630\/revisions\/1637"}],"wp:featuredmedia":[{"embeddable":true,"href":"https:\/\/www.osecac.org.ar\/Novedades\/wp-json\/wp\/v2\/media\/1633"}],"wp:attachment":[{"href":"https:\/\/www.osecac.org.ar\/Novedades\/wp-json\/wp\/v2\/media?parent=1630"}],"wp:term":[{"taxonomy":"category","embeddable":true,"href":"https:\/\/www.osecac.org.ar\/Novedades\/wp-json\/wp\/v2\/categories?post=1630"},{"taxonomy":"post_tag","embeddable":true,"href":"https:\/\/www.osecac.org.ar\/Novedades\/wp-json\/wp\/v2\/tags?post=1630"}],"curies":[{"name":"wp","href":"https:\/\/api.w.org\/{rel}","templated":true}]}}