{"id":1603,"date":"2025-09-25T21:17:16","date_gmt":"2025-09-26T00:17:16","guid":{"rendered":"https:\/\/www.osecac.org.ar\/Novedades\/?p=1603"},"modified":"2025-09-25T21:17:20","modified_gmt":"2025-09-26T00:17:20","slug":"mi-osecac","status":"publish","type":"post","link":"https:\/\/www.osecac.org.ar\/Novedades\/mi-osecac\/","title":{"rendered":"Mi OSECAC"},"content":{"rendered":"<p>[et_pb_section fb_built=\u00bb1&#8243; _builder_version=\u00bb4.27.4&#8243; _module_preset=\u00bbdefault\u00bb global_colors_info=\u00bb{}\u00bb theme_builder_area=\u00bbet_body_layout\u00bb][et_pb_row _builder_version=\u00bb4.27.4&#8243; _module_preset=\u00bbdefault\u00bb width=\u00bb100%\u00bb global_colors_info=\u00bb{}\u00bb theme_builder_area=\u00bbet_body_layout\u00bb][et_pb_column type=\u00bb4_4&#8243; _builder_version=\u00bb4.27.4&#8243; _module_preset=\u00bbdefault\u00bb global_colors_info=\u00bb{}\u00bb theme_builder_area=\u00bbet_body_layout\u00bb][et_pb_text _builder_version=\u00bb4.27.4&#8243; _module_preset=\u00bbdefault\u00bb global_colors_info=\u00bb{}\u00bb theme_builder_area=\u00bbet_body_layout\u00bb]<\/p>\n<p>Constantemente seguimos agregando funciones para que sea m\u00e1s f\u00e1cil llevar nuestra Obra Social en tu bolsillo, por eso si ya contas con la app, no olvides de actualizarla para poder aprovechar al m\u00e1ximo todas las opciones:<\/p>\n<ul>\n<li><strong>Solicitar turnos<\/strong><br \/><strong><\/strong><\/li>\n<li><strong>Visualizar informes<\/strong><br \/><strong><\/strong><\/li>\n<li><strong>Comprar,asociar y\/ visualizar bonos<\/strong><br \/><strong><\/strong><\/li>\n<li><strong>Gestionar el perfil de tus familiares a cargo<\/strong><br \/><strong><\/strong><\/li>\n<li><strong>Consultar informaci\u00f3n sobre delegaciones,centros m\u00e9dicos y tr\u00e1mites<\/strong><\/li>\n<\/ul>\n<p>Y ahora tambi\u00e9n:<\/p>\n<ul>\n<li><strong>Notificaciones<\/strong><\/li>\n<li><strong>Posibilidad de agendar alarmas<\/strong><\/li>\n<li><strong>Pago de coseguros para prestadores externos<\/strong><\/li>\n<li><strong>Visualizar resumen de estudios<\/strong><\/li>\n<\/ul>\n<p>Si todav\u00eda no ten\u00e9s Mi OSECAC, <a href=\"https:\/\/www.osecac.org.ar\/Novedades\/presentamos-nuestra-nueva-app\/\">descargala ingresando ac\u00e1<\/a><\/p>\n<p><strong>OSECAC, M\u00e1s Atenci\u00f3n, M\u00e1s servicios<\/strong><\/p>\n<p>[\/et_pb_text][\/et_pb_column][\/et_pb_row][\/et_pb_section]<\/p>\n","protected":false},"excerpt":{"rendered":"<p>Constantemente seguimos agregando funciones para que sea m\u00e1s f\u00e1cil llevar nuestra Obra Social en tu bolsillo.<\/p>\n","protected":false},"author":1,"featured_media":1604,"comment_status":"open","ping_status":"open","sticky":false,"template":"","format":"standard","meta":{"_et_pb_use_builder":"on","_et_pb_old_content":"","_et_gb_content_width":"","footnotes":""},"categories":[4],"tags":[],"class_list":["post-1603","post","type-post","status-publish","format-standard","has-post-thumbnail","hentry","category-app-osecac"],"_links":{"self":[{"href":"https:\/\/www.osecac.org.ar\/Novedades\/wp-json\/wp\/v2\/posts\/1603","targetHints":{"allow":["GET"]}}],"collection":[{"href":"https:\/\/www.osecac.org.ar\/Novedades\/wp-json\/wp\/v2\/posts"}],"about":[{"href":"https:\/\/www.osecac.org.ar\/Novedades\/wp-json\/wp\/v2\/types\/post"}],"author":[{"embeddable":true,"href":"https:\/\/www.osecac.org.ar\/Novedades\/wp-json\/wp\/v2\/users\/1"}],"replies":[{"embeddable":true,"href":"https:\/\/www.osecac.org.ar\/Novedades\/wp-json\/wp\/v2\/comments?post=1603"}],"version-history":[{"count":0,"href":"https:\/\/www.osecac.org.ar\/Novedades\/wp-json\/wp\/v2\/posts\/1603\/revisions"}],"wp:featuredmedia":[{"embeddable":true,"href":"https:\/\/www.osecac.org.ar\/Novedades\/wp-json\/wp\/v2\/media\/1604"}],"wp:attachment":[{"href":"https:\/\/www.osecac.org.ar\/Novedades\/wp-json\/wp\/v2\/media?parent=1603"}],"wp:term":[{"taxonomy":"category","embeddable":true,"href":"https:\/\/www.osecac.org.ar\/Novedades\/wp-json\/wp\/v2\/categories?post=1603"},{"taxonomy":"post_tag","embeddable":true,"href":"https:\/\/www.osecac.org.ar\/Novedades\/wp-json\/wp\/v2\/tags?post=1603"}],"curies":[{"name":"wp","href":"https:\/\/api.w.org\/{rel}","templated":true}]}}