{"id":1539,"date":"2025-07-28T12:35:40","date_gmt":"2025-07-28T15:35:40","guid":{"rendered":"https:\/\/www.osecac.org.ar\/Novedades\/?p=1539"},"modified":"2025-07-28T12:50:56","modified_gmt":"2025-07-28T15:50:56","slug":"osecac-presente-en-la-feria-de-residencias-uba","status":"publish","type":"post","link":"https:\/\/www.osecac.org.ar\/Novedades\/osecac-presente-en-la-feria-de-residencias-uba\/","title":{"rendered":"\u00a1OSECAC presente en la feria de residencias UBA!"},"content":{"rendered":"<p>[et_pb_section fb_built=\u00bb1&#8243; _builder_version=\u00bb4.27.4&#8243; _module_preset=\u00bbdefault\u00bb global_colors_info=\u00bb{}\u00bb theme_builder_area=\u00bbpost_content\u00bb][et_pb_row _builder_version=\u00bb4.27.4&#8243; _module_preset=\u00bbdefault\u00bb hover_enabled=\u00bb0&#8243; global_colors_info=\u00bb{}\u00bb theme_builder_area=\u00bbpost_content\u00bb width=\u00bb100%\u00bb sticky_enabled=\u00bb0&#8243;][et_pb_column type=\u00bb4_4&#8243; _builder_version=\u00bb4.27.4&#8243; _module_preset=\u00bbdefault\u00bb global_colors_info=\u00bb{}\u00bb theme_builder_area=\u00bbpost_content\u00bb][et_pb_text _builder_version=\u00bb4.27.4&#8243; _module_preset=\u00bbdefault\u00bb global_colors_info=\u00bb{}\u00bb theme_builder_area=\u00bbpost_content\u00bb]<\/p>\n<p>El pasado mi\u00e9rcoles 2 de julio, nuestra Obra Social particip\u00f3 de la feria de residentes organizada por la Universidad de Buenos Aires, con un stand perteneciente al Sanatorio Sagrado Coraz\u00f3n.<\/p>\n<p>Del evento participaron los Jefes\/as de residentes de las seis especialidades que se desarrollan en nuestro sanatorio de alta complejidad (Cl\u00ednica M\u00e9dica, Pediatr\u00eda, Cardiolog\u00eda, Terapia Intensiva adultos, Cirug\u00eda General y Tocoginecolog\u00eda), y tiene por objetivo que los estudiantes, futuros residentes, puedan acercarse a obtener m\u00e1s informaci\u00f3n en los distintos stands de inter\u00e9s.<\/p>\n<p>Nuestros m\u00e9dicos exponentes fueron:<\/p>\n<ul>\n<li>Dr Di Gregorio Fernando, R3 <strong>Cardiolog\u00eda<\/strong> \/ Dr Palacios Rodrigo R4 <strong>Cardiolog\u00eda<\/strong><\/li>\n<li>Dr Garc\u00eda Macias Nigel, R3 <strong>Pediatr\u00eda<\/strong><\/li>\n<li>Dra Leyton Karen, R4 <strong>Medicina<\/strong> <strong>Interna<\/strong><\/li>\n<li>Dra Manzato Luciana \/ Dra Chaz Ariana, R1 <strong>Cirug\u00eda General<\/strong><\/li>\n<li>Dr Franco Pareja, R3 <strong>Terapia Intensiva<\/strong><\/li>\n<\/ul>\n<p>Desde hace tres a\u00f1os que tienen lugar este tipo de encuentros, y el sanatorio, en su car\u00e1cter de sede afiliada a la UBA, tuvo y tiene la posibilidad de presenciar cada uno de ellos, lo cual nos significa un motivo de orgullo para demostrar nuestra capacidad operativa y permitir que otros estudiantes nos elijan para completar su etapa de formaci\u00f3n. <\/p>\n<p>[\/et_pb_text][et_pb_gallery _builder_version=\u00bb4.27.4&#8243; _module_preset=\u00bbdefault\u00bb theme_builder_area=\u00bbpost_content\u00bb gallery_ids=\u00bb1548,1549,1550&#8243; hover_enabled=\u00bb0&#8243; sticky_enabled=\u00bb0&#8243; border_radii_image=\u00bbon|10px|10px|10px|10px\u00bb][\/et_pb_gallery][\/et_pb_column][\/et_pb_row][\/et_pb_section]<\/p>\n","protected":false},"excerpt":{"rendered":"<p>El pasado mi\u00e9rcoles 2 de julio, nuestra Obra Social particip\u00f3 de la feria de residentes organizada por la Universidad de Buenos Aires, con un stand perteneciente al Sanatorio Sagrado Coraz\u00f3n.<\/p>\n","protected":false},"author":1,"featured_media":1533,"comment_status":"open","ping_status":"open","sticky":false,"template":"","format":"standard","meta":{"_et_pb_use_builder":"on","_et_pb_old_content":"","_et_gb_content_width":"","footnotes":""},"categories":[10],"tags":[],"class_list":["post-1539","post","type-post","status-publish","format-standard","has-post-thumbnail","hentry","category-sanatorio-sagrado-corazon"],"_links":{"self":[{"href":"https:\/\/www.osecac.org.ar\/Novedades\/wp-json\/wp\/v2\/posts\/1539","targetHints":{"allow":["GET"]}}],"collection":[{"href":"https:\/\/www.osecac.org.ar\/Novedades\/wp-json\/wp\/v2\/posts"}],"about":[{"href":"https:\/\/www.osecac.org.ar\/Novedades\/wp-json\/wp\/v2\/types\/post"}],"author":[{"embeddable":true,"href":"https:\/\/www.osecac.org.ar\/Novedades\/wp-json\/wp\/v2\/users\/1"}],"replies":[{"embeddable":true,"href":"https:\/\/www.osecac.org.ar\/Novedades\/wp-json\/wp\/v2\/comments?post=1539"}],"version-history":[{"count":0,"href":"https:\/\/www.osecac.org.ar\/Novedades\/wp-json\/wp\/v2\/posts\/1539\/revisions"}],"wp:featuredmedia":[{"embeddable":true,"href":"https:\/\/www.osecac.org.ar\/Novedades\/wp-json\/wp\/v2\/media\/1533"}],"wp:attachment":[{"href":"https:\/\/www.osecac.org.ar\/Novedades\/wp-json\/wp\/v2\/media?parent=1539"}],"wp:term":[{"taxonomy":"category","embeddable":true,"href":"https:\/\/www.osecac.org.ar\/Novedades\/wp-json\/wp\/v2\/categories?post=1539"},{"taxonomy":"post_tag","embeddable":true,"href":"https:\/\/www.osecac.org.ar\/Novedades\/wp-json\/wp\/v2\/tags?post=1539"}],"curies":[{"name":"wp","href":"https:\/\/api.w.org\/{rel}","templated":true}]}}