{"id":147,"date":"2022-11-09T16:09:08","date_gmt":"2022-11-09T19:09:08","guid":{"rendered":"https:\/\/www.osecac.org.ar\/Novedades\/?p=147"},"modified":"2022-11-15T10:24:41","modified_gmt":"2022-11-15T13:24:41","slug":"visita-al-nuevo-centro-de-la-mujer","status":"publish","type":"post","link":"https:\/\/www.osecac.org.ar\/Novedades\/visita-al-nuevo-centro-de-la-mujer\/","title":{"rendered":"VISITA AL NUEVO CENTRO DE LA MUJER"},"content":{"rendered":"<p>[et_pb_section fb_built=\u00bb1&#8243; _builder_version=\u00bb4.19.0&#8243; _module_preset=\u00bbdefault\u00bb custom_margin=\u00bb|0px||0px|false|false\u00bb custom_padding=\u00bb8px|0px||0px|false|false\u00bb global_colors_info=\u00bb{}\u00bb theme_builder_area=\u00bbet_body_layout\u00bb][et_pb_row _builder_version=\u00bb4.19.0&#8243; _module_preset=\u00bbdefault\u00bb width=\u00bb100%\u00bb custom_margin=\u00bb0px|0px|0px|0px|false|false\u00bb custom_padding=\u00bb0px|0px|0px|0px|false|false\u00bb global_colors_info=\u00bb{}\u00bb theme_builder_area=\u00bbet_body_layout\u00bb][et_pb_column type=\u00bb4_4&#8243; _builder_version=\u00bb4.19.0&#8243; _module_preset=\u00bbdefault\u00bb global_colors_info=\u00bb{}\u00bb theme_builder_area=\u00bbet_body_layout\u00bb][et_pb_text _builder_version=\u00bb4.19.0&#8243; _module_preset=\u00bbdefault\u00bb hover_enabled=\u00bb0&#8243; global_colors_info=\u00bb{}\u00bb theme_builder_area=\u00bbet_body_layout\u00bb sticky_enabled=\u00bb0&#8243;]<\/p>\n<p>Carlos P\u00e9rez, Presidente de nuestra Obra Social OSECAC, junto con el Dr. Gabriel Lebersztein, visitaron la sede del centro de diagn\u00f3stico TCBA, donde se est\u00e1n realizando las remodelaciones y acondicionamientos de los equipos para inaugurar pr\u00f3ximamente el nuevo Centro de la Mujer, en conjunto con la Fundaci\u00f3n Jaime Roca.<\/p>\n<p>Es un orgullo para nuestra obra social contar con la posibilidad de tener un nuevo centro m\u00e9dico, ubicado en Per\u00f3n 3615, para la atenci\u00f3n exclusiva de las beneficiarias mercantiles. La novedad ser\u00e1 la integralidad en la atenci\u00f3n, ya que la paciente podr\u00e1 realizarse todos los estudios en un mismo d\u00eda, y retirarlos en un corto plazo de tiempo para obtener resultados y diagn\u00f3stico r\u00e1pido.<\/p>\n<p>El nuevo centro contar\u00e1 con la aparatolog\u00eda necesaria para la realizaci\u00f3n de ecograf\u00eda ginecol\u00f3gica y mamaria, mamograf\u00eda y densitometr\u00edas; permitiendo de esta forma, concretar de forma r\u00e1pida y eficaz los estudios solicitados por el personal m\u00e9dico para el chequeo anual ginecol\u00f3gico.<\/p>\n<p>[\/et_pb_text][et_pb_image src=\u00bbhttps:\/\/www.osecac.org.ar\/Novedades\/wp-content\/uploads\/2022\/11\/visita1.png\u00bb title_text=\u00bbcp_donacion1&#8243; _builder_version=\u00bb4.19.0&#8243; _module_preset=\u00bbdefault\u00bb hover_enabled=\u00bb0&#8243; global_colors_info=\u00bb{}\u00bb theme_builder_area=\u00bbet_body_layout\u00bb sticky_enabled=\u00bb0&#8243;][\/et_pb_image][et_pb_image src=\u00bbhttps:\/\/www.osecac.org.ar\/Novedades\/wp-content\/uploads\/2022\/11\/visita2.png\u00bb title_text=\u00bbcp_donacion2&#8243; _builder_version=\u00bb4.19.0&#8243; _module_preset=\u00bbdefault\u00bb hover_enabled=\u00bb0&#8243; global_colors_info=\u00bb{}\u00bb theme_builder_area=\u00bbet_body_layout\u00bb sticky_enabled=\u00bb0&#8243;][\/et_pb_image][et_pb_image src=\u00bbhttps:\/\/www.osecac.org.ar\/Novedades\/wp-content\/uploads\/2022\/11\/visita3.png\u00bb title_text=\u00bbcp_donacion0&#8243; _builder_version=\u00bb4.19.0&#8243; _module_preset=\u00bbdefault\u00bb hover_enabled=\u00bb0&#8243; global_colors_info=\u00bb{}\u00bb theme_builder_area=\u00bbet_body_layout\u00bb sticky_enabled=\u00bb0&#8243;][\/et_pb_image][et_pb_image src=\u00bbhttps:\/\/www.osecac.org.ar\/Novedades\/wp-content\/uploads\/2022\/11\/visita4.png\u00bb title_text=\u00bbcp_donacion0&#8243; _builder_version=\u00bb4.19.0&#8243; _module_preset=\u00bbdefault\u00bb hover_enabled=\u00bb0&#8243; global_colors_info=\u00bb{}\u00bb theme_builder_area=\u00bbet_body_layout\u00bb sticky_enabled=\u00bb0&#8243;][\/et_pb_image][\/et_pb_column][\/et_pb_row][\/et_pb_section]<\/p>\n","protected":false},"excerpt":{"rendered":"<p>Carlos P\u00e9rez, Presidente de nuestra Obra Social OSECAC, junto con el Dr. Gabriel Lebersztein, visitaron la sede del centro de diagn\u00f3stico TCBA, donde se est\u00e1n realizando las remodelaciones y acondicionamientos de los equipos para inaugurar pr\u00f3ximamente el nuevo Centro de la Mujer, en conjunto con la Fundaci\u00f3n Jaime Roca. Es un orgullo para nuestra obra [&hellip;]<\/p>\n","protected":false},"author":1,"featured_media":148,"comment_status":"open","ping_status":"open","sticky":false,"template":"","format":"standard","meta":{"_et_pb_use_builder":"on","_et_pb_old_content":"","_et_gb_content_width":"","footnotes":""},"categories":[9],"tags":[],"class_list":["post-147","post","type-post","status-publish","format-standard","has-post-thumbnail","hentry","category-institucional"],"_links":{"self":[{"href":"https:\/\/www.osecac.org.ar\/Novedades\/wp-json\/wp\/v2\/posts\/147","targetHints":{"allow":["GET"]}}],"collection":[{"href":"https:\/\/www.osecac.org.ar\/Novedades\/wp-json\/wp\/v2\/posts"}],"about":[{"href":"https:\/\/www.osecac.org.ar\/Novedades\/wp-json\/wp\/v2\/types\/post"}],"author":[{"embeddable":true,"href":"https:\/\/www.osecac.org.ar\/Novedades\/wp-json\/wp\/v2\/users\/1"}],"replies":[{"embeddable":true,"href":"https:\/\/www.osecac.org.ar\/Novedades\/wp-json\/wp\/v2\/comments?post=147"}],"version-history":[{"count":0,"href":"https:\/\/www.osecac.org.ar\/Novedades\/wp-json\/wp\/v2\/posts\/147\/revisions"}],"wp:featuredmedia":[{"embeddable":true,"href":"https:\/\/www.osecac.org.ar\/Novedades\/wp-json\/wp\/v2\/media\/148"}],"wp:attachment":[{"href":"https:\/\/www.osecac.org.ar\/Novedades\/wp-json\/wp\/v2\/media?parent=147"}],"wp:term":[{"taxonomy":"category","embeddable":true,"href":"https:\/\/www.osecac.org.ar\/Novedades\/wp-json\/wp\/v2\/categories?post=147"},{"taxonomy":"post_tag","embeddable":true,"href":"https:\/\/www.osecac.org.ar\/Novedades\/wp-json\/wp\/v2\/tags?post=147"}],"curies":[{"name":"wp","href":"https:\/\/api.w.org\/{rel}","templated":true}]}}