{"id":1389,"date":"2025-02-13T08:16:01","date_gmt":"2025-02-13T11:16:01","guid":{"rendered":"https:\/\/www.osecac.org.ar\/Novedades\/?p=1389"},"modified":"2025-02-13T08:16:08","modified_gmt":"2025-02-13T11:16:08","slug":"nuevos-equipos-para-el-sagrado-corazon","status":"publish","type":"post","link":"https:\/\/www.osecac.org.ar\/Novedades\/nuevos-equipos-para-el-sagrado-corazon\/","title":{"rendered":"\u00a1Nuevos equipos para el Sagrado Coraz\u00f3n!"},"content":{"rendered":"<p>[et_pb_section fb_built=\u00bb1&#8243; _builder_version=\u00bb4.19.0&#8243; _module_preset=\u00bbdefault\u00bb custom_margin=\u00bb|0px||0px|false|false\u00bb custom_padding=\u00bb8px|0px||0px|false|false\u00bb global_colors_info=\u00bb{}\u00bb theme_builder_area=\u00bbet_body_layout\u00bb][et_pb_row _builder_version=\u00bb4.19.0&#8243; _module_preset=\u00bbdefault\u00bb width=\u00bb100%\u00bb custom_margin=\u00bb0px|0px|0px|0px|false|false\u00bb custom_padding=\u00bb0px|0px|0px|0px|false|false\u00bb global_colors_info=\u00bb{}\u00bb theme_builder_area=\u00bbet_body_layout\u00bb][et_pb_column type=\u00bb4_4&#8243; _builder_version=\u00bb4.19.0&#8243; _module_preset=\u00bbdefault\u00bb global_colors_info=\u00bb{}\u00bb theme_builder_area=\u00bbet_body_layout\u00bb][et_pb_text _builder_version=\u00bb4.27.4&#8243; _module_preset=\u00bbdefault\u00bb link_text_color=\u00bb#0D5AAA\u00bb custom_padding=\u00bb||0px|||\u00bb global_colors_info=\u00bb{}\u00bb theme_builder_area=\u00bbet_body_layout\u00bb]<\/p>\n<p><span style=\"font-weight: 400;\">En OSECAC sumamos nuevo y mejor instrumental para cuidar de la salud de cada beneficiario\/a. Por eso, queremos contarles que adquirimos nuevos equipos de Rayos X de \u00faltima generaci\u00f3n para utilizar en nuestro Sanatorio de Alta Complejidad, Sagrado Coraz\u00f3n.<\/span><\/p>\n<p><span style=\"font-weight: 400;\">Estos equipos de radiolog\u00eda poseen la particularidad de ser inal\u00e1mbricos, y cuentan con un\u00a0 sistema de digitalizaci\u00f3n directa. Adem\u00e1s, poseen un dise\u00f1o compacto que permite una facilidad de movimiento para ser utilizado en situaciones y lugares diferentes: repartos de radiolog\u00eda, sala de operaciones, ortopedia, terapia intensiva, urgencias, hospitalizaci\u00f3n.<\/span><\/p>\n<p><span style=\"font-weight: 400;\">Los mismos se trasladan a la cama de el\/la paciente para realizarle la imagen en el momento y autom\u00e1ticamente al m\u00e9dico\/a le aparecer\u00e1 en la pantalla sin necesidad de ir a\u00a0 revelar.<\/span><\/p>\n<p><span style=\"font-weight: 400;\">Estas adquisiciones est\u00e1n dentro de nuestro plan permanente de renovaci\u00f3n tecnol\u00f3gica, incorporando materiales de \u00faltima generaci\u00f3n, con el fin de brindar la mejor calidad de atenci\u00f3n m\u00e9dica para cada uno\/a de nuestros\/as beneficiarios\/as de la familia mercantil. <\/span><\/p>\n<ul><\/ul>\n<p>[\/et_pb_text][\/et_pb_column][\/et_pb_row][\/et_pb_section]<\/p>\n","protected":false},"excerpt":{"rendered":"<p>En OSECAC sumamos nuevo y mejor instrumental para cuidar de la salud de cada beneficiario\/a. Por eso, queremos contarles que adquirimos nuevos equipos de Rayos X de \u00faltima generaci\u00f3n para utilizar en nuestro Sanatorio de Alta Complejidad, Sagrado Coraz\u00f3n.<\/p>\n","protected":false},"author":1,"featured_media":1390,"comment_status":"open","ping_status":"open","sticky":false,"template":"","format":"standard","meta":{"_et_pb_use_builder":"on","_et_pb_old_content":"","_et_gb_content_width":"","footnotes":""},"categories":[10],"tags":[],"class_list":["post-1389","post","type-post","status-publish","format-standard","has-post-thumbnail","hentry","category-sanatorio-sagrado-corazon"],"_links":{"self":[{"href":"https:\/\/www.osecac.org.ar\/Novedades\/wp-json\/wp\/v2\/posts\/1389","targetHints":{"allow":["GET"]}}],"collection":[{"href":"https:\/\/www.osecac.org.ar\/Novedades\/wp-json\/wp\/v2\/posts"}],"about":[{"href":"https:\/\/www.osecac.org.ar\/Novedades\/wp-json\/wp\/v2\/types\/post"}],"author":[{"embeddable":true,"href":"https:\/\/www.osecac.org.ar\/Novedades\/wp-json\/wp\/v2\/users\/1"}],"replies":[{"embeddable":true,"href":"https:\/\/www.osecac.org.ar\/Novedades\/wp-json\/wp\/v2\/comments?post=1389"}],"version-history":[{"count":0,"href":"https:\/\/www.osecac.org.ar\/Novedades\/wp-json\/wp\/v2\/posts\/1389\/revisions"}],"wp:featuredmedia":[{"embeddable":true,"href":"https:\/\/www.osecac.org.ar\/Novedades\/wp-json\/wp\/v2\/media\/1390"}],"wp:attachment":[{"href":"https:\/\/www.osecac.org.ar\/Novedades\/wp-json\/wp\/v2\/media?parent=1389"}],"wp:term":[{"taxonomy":"category","embeddable":true,"href":"https:\/\/www.osecac.org.ar\/Novedades\/wp-json\/wp\/v2\/categories?post=1389"},{"taxonomy":"post_tag","embeddable":true,"href":"https:\/\/www.osecac.org.ar\/Novedades\/wp-json\/wp\/v2\/tags?post=1389"}],"curies":[{"name":"wp","href":"https:\/\/api.w.org\/{rel}","templated":true}]}}