{"id":1253,"date":"2024-10-28T08:14:28","date_gmt":"2024-10-28T11:14:28","guid":{"rendered":"https:\/\/www.osecac.org.ar\/Novedades\/?p=1253"},"modified":"2025-04-24T11:55:39","modified_gmt":"2025-04-24T14:55:39","slug":"realiza-tu-chequeo-de-salud-integral-2","status":"publish","type":"post","link":"https:\/\/www.osecac.org.ar\/Novedades\/realiza-tu-chequeo-de-salud-integral-2\/","title":{"rendered":"\u00a1Realiz\u00e1 tu Chequeo de Salud Integral!"},"content":{"rendered":"<p>[et_pb_section fb_built=\u00bb1&#8243; _builder_version=\u00bb4.19.0&#8243; _module_preset=\u00bbdefault\u00bb custom_margin=\u00bb|0px||0px|false|false\u00bb custom_padding=\u00bb8px|0px||0px|false|false\u00bb global_colors_info=\u00bb{}\u00bb theme_builder_area=\u00bbpost_content\u00bb][et_pb_row _builder_version=\u00bb4.19.0&#8243; _module_preset=\u00bbdefault\u00bb width=\u00bb100%\u00bb custom_margin=\u00bb0px|0px|0px|0px|false|false\u00bb custom_padding=\u00bb0px|0px|0px|0px|false|false\u00bb global_colors_info=\u00bb{}\u00bb theme_builder_area=\u00bbpost_content\u00bb][et_pb_column type=\u00bb4_4&#8243; _builder_version=\u00bb4.19.0&#8243; _module_preset=\u00bbdefault\u00bb global_colors_info=\u00bb{}\u00bb theme_builder_area=\u00bbpost_content\u00bb][et_pb_text _builder_version=\u00bb4.27.0&#8243; _module_preset=\u00bbdefault\u00bb link_font=\u00bb||||on||||\u00bb link_text_color=\u00bb#0D5AAA\u00bb global_colors_info=\u00bb{}\u00bb theme_builder_area=\u00bbpost_content\u00bb]<\/p>\n<p><span style=\"font-weight: 400;\">Entramos en la recta final del a\u00f1o y qu\u00e9 mejor que ocuparse de aquellas cosas que, quiz\u00e1, postergamos tiempo atr\u00e1s o, mejor a\u00fan, adelantarse al a\u00f1o que viene.<\/span><\/p>\n<p><span style=\"font-weight: 400;\">Desde OSECAC te recordamos que todos\/as los\/as beneficiarios\/as tienen a disposici\u00f3n el Chequeo de Salud Integral adaptado a cada una de las edades y necesidades propias de cada etapa de la vida.<\/span><\/p>\n<p><span style=\"font-weight: 400;\"><\/span><\/p>\n<h3><b>Chequeo de Salud Integral +18<\/b><\/h3>\n<p><span style=\"font-weight: 400;\">Los m\u00e1s j\u00f3venes, de 18 a 49 a\u00f1os, cuentan con un espacio exclusivo, para en un mismo d\u00eda obtener una evaluaci\u00f3n completa, incluyendo apto f\u00edsico . <a href=\"https:\/\/www.osecac.org.ar\/Novedades\/nuevo-circuito-de-salud-integral-para-mayores-de-18-anos\/\">Entr\u00e1 ac\u00e1<\/a><\/span><span style=\"font-weight: 400;\"><a href=\"https:\/\/www.osecac.org.ar\/Novedades\/nuevo-circuito-de-salud-integral-para-mayores-de-18-anos\/\">\u00a0<\/a> y mir\u00e1 todo lo que ten\u00e9s que saber.\u00a0<\/span><\/p>\n<p><span style=\"font-weight: 400;\"><\/span><\/p>\n<h3><b>Chequeo de Salud Integral +50<\/b><\/h3>\n<p><span style=\"font-weight: 400;\">Si ten\u00e9s entre 50 y 64 a\u00f1os tambi\u00e9n dispones de un programa totalmente completo para que puedas obtener un diagn\u00f3stico integral en un mismo d\u00eda, en un solo lugar.\u00a0<\/span><\/p>\n<p><a href=\"https:\/\/www.osecac.org.ar\/Novedades\/realiza-tu-chequeo-de-salud-integral\/\"><span style=\"font-weight: 400;\">Ingres\u00e1 ac\u00e1<\/span><\/a><span style=\"font-weight: 400;\">\u00a0para enterarte de m\u00e1s.<\/span><\/p>\n<p><span style=\"font-weight: 400;\"><\/span><\/p>\n<h3><b>Chequeo de Salud Integral +65<\/b><\/h3>\n<p><span style=\"font-weight: 400;\">Es un chequeo preventivo que cuenta con consulta de cl\u00ednica m\u00e9dica, enfermer\u00eda, toma de signos vitales, y hasta derivaci\u00f3n a otorrinolaringolog\u00eda, entre otras especialidades, te espera en nuestros Centros M\u00e9dicos Ambulatorios Flores, Lacroze o Sarand\u00ed para que puedas realizarlo.<\/span><\/p>\n<p><span style=\"font-weight: 400;\">Encontr\u00e1 m\u00e1s informaci\u00f3n ac\u00e1: <\/span><a href=\"https:\/\/www.osecac.org.ar\/Novedades\/chequeo-de-salud-integral-65-ahora-tambien-con-derivacion-para-la-especialidad-de-otorrinolaringologia\/\"><span style=\"font-weight: 400;\">https:\/\/www.osecac.org.ar\/Novedades\/chequeo-de-salud-integral-65-ahora-tambien-con-derivacion-para-la-especialidad-de-otorrinolaringologia\/<\/span><\/a><span style=\"font-weight: 400;\">\u00a0<\/span><\/p>\n<p><span style=\"font-weight: 400;\"><\/span><\/p>\n<p><span style=\"font-weight: 400;\">Desde OSECAC cuidamos la salud de todos\/as nuestros\/as beneficiarios\/as y los acompa\u00f1amos desde la juventud hasta la adultez. <\/span><\/p>\n<ul>\n<li style=\"list-style-type: none;\">\n<ul>\n<li style=\"list-style-type: none;\">\n<ul>\n<li style=\"list-style-type: none;\"><\/li>\n<\/ul>\n<\/li>\n<\/ul>\n<\/li>\n<\/ul>\n<p>[\/et_pb_text][\/et_pb_column][\/et_pb_row][\/et_pb_section]<\/p>\n","protected":false},"excerpt":{"rendered":"<p>Entramos en la recta final del a\u00f1o y qu\u00e9 mejor que ocuparse de aquellas cosas que, quiz\u00e1, postergamos tiempo atr\u00e1s o, mejor a\u00fan, adelantarse al a\u00f1o que viene.<\/p>\n","protected":false},"author":1,"featured_media":1254,"comment_status":"open","ping_status":"open","sticky":false,"template":"","format":"standard","meta":{"_et_pb_use_builder":"on","_et_pb_old_content":"","_et_gb_content_width":"","footnotes":""},"categories":[23],"tags":[],"class_list":["post-1253","post","type-post","status-publish","format-standard","has-post-thumbnail","hentry","category-prevencion"],"_links":{"self":[{"href":"https:\/\/www.osecac.org.ar\/Novedades\/wp-json\/wp\/v2\/posts\/1253","targetHints":{"allow":["GET"]}}],"collection":[{"href":"https:\/\/www.osecac.org.ar\/Novedades\/wp-json\/wp\/v2\/posts"}],"about":[{"href":"https:\/\/www.osecac.org.ar\/Novedades\/wp-json\/wp\/v2\/types\/post"}],"author":[{"embeddable":true,"href":"https:\/\/www.osecac.org.ar\/Novedades\/wp-json\/wp\/v2\/users\/1"}],"replies":[{"embeddable":true,"href":"https:\/\/www.osecac.org.ar\/Novedades\/wp-json\/wp\/v2\/comments?post=1253"}],"version-history":[{"count":0,"href":"https:\/\/www.osecac.org.ar\/Novedades\/wp-json\/wp\/v2\/posts\/1253\/revisions"}],"wp:featuredmedia":[{"embeddable":true,"href":"https:\/\/www.osecac.org.ar\/Novedades\/wp-json\/wp\/v2\/media\/1254"}],"wp:attachment":[{"href":"https:\/\/www.osecac.org.ar\/Novedades\/wp-json\/wp\/v2\/media?parent=1253"}],"wp:term":[{"taxonomy":"category","embeddable":true,"href":"https:\/\/www.osecac.org.ar\/Novedades\/wp-json\/wp\/v2\/categories?post=1253"},{"taxonomy":"post_tag","embeddable":true,"href":"https:\/\/www.osecac.org.ar\/Novedades\/wp-json\/wp\/v2\/tags?post=1253"}],"curies":[{"name":"wp","href":"https:\/\/api.w.org\/{rel}","templated":true}]}}