{"id":1069,"date":"2024-03-26T15:23:24","date_gmt":"2024-03-26T18:23:24","guid":{"rendered":"https:\/\/www.osecac.org.ar\/Novedades\/?p=1069"},"modified":"2024-03-26T15:23:25","modified_gmt":"2024-03-26T18:23:25","slug":"dia-mundial-de-lucha-contra-la-obesidad","status":"publish","type":"post","link":"https:\/\/www.osecac.org.ar\/Novedades\/dia-mundial-de-lucha-contra-la-obesidad\/","title":{"rendered":"D\u00eda Mundial de Lucha contra la Obesidad"},"content":{"rendered":"<p>[et_pb_section fb_built=\u00bb1&#8243; _builder_version=\u00bb4.19.0&#8243; _module_preset=\u00bbdefault\u00bb custom_margin=\u00bb|0px||0px|false|false\u00bb custom_padding=\u00bb8px|0px||0px|false|false\u00bb global_colors_info=\u00bb{}\u00bb theme_builder_area=\u00bbet_body_layout\u00bb][et_pb_row _builder_version=\u00bb4.19.0&#8243; _module_preset=\u00bbdefault\u00bb width=\u00bb100%\u00bb custom_margin=\u00bb0px|0px|0px|0px|false|false\u00bb custom_padding=\u00bb0px|0px|0px|0px|false|false\u00bb global_colors_info=\u00bb{}\u00bb theme_builder_area=\u00bbet_body_layout\u00bb][et_pb_column type=\u00bb4_4&#8243; _builder_version=\u00bb4.19.0&#8243; _module_preset=\u00bbdefault\u00bb global_colors_info=\u00bb{}\u00bb theme_builder_area=\u00bbet_body_layout\u00bb][et_pb_text _builder_version=\u00bb4.24.2&#8243; _module_preset=\u00bbdefault\u00bb custom_padding=\u00bb||0px|||\u00bb hover_enabled=\u00bb0&#8243; global_colors_info=\u00bb{}\u00bb theme_builder_area=\u00bbet_body_layout\u00bb sticky_enabled=\u00bb0&#8243;]<\/p>\n<p><span style=\"font-weight: 400;\">Cada 4 de marzo se conmemora el D\u00eda Mundial de Lucha contra la Obesidad y, desde la Obra Social de los Empleados de Comercio y Actividades Civiles, queremos contarte toda la informaci\u00f3n acerca de esta importante efem\u00e9ride.\u00a0<\/span><\/p>\n<p><span style=\"font-weight: 400;\">Esta efem\u00e9ride conmemorativa, se instaur\u00f3 principalmente en el a\u00f1o 2020 y tiene como principal objetivo concientizar a la sociedad sobre esta enfermedad que afecta en la actualidad a m\u00e1s de 1.900 millones de personas en todo el planeta.\u00a0<\/span><\/p>\n<p><span style=\"font-weight: 400;\">Seg\u00fan la Organizaci\u00f3n Mundial de la Salud (OMS) podemos definir a la obesidad o al sobrepeso como una acumulaci\u00f3n excesiva de grasa que termina siendo perjudicial para las personas, pudiendo generar algunas de las siguientes complicaciones o enfermedades:<\/span><\/p>\n<ul>\n<li style=\"font-weight: 400;\" aria-level=\"1\"><strong>Mortalidad<\/strong><\/li>\n<li style=\"font-weight: 400;\" aria-level=\"1\"><strong>Hipertensi\u00f3n<\/strong><\/li>\n<li style=\"font-weight: 400;\" aria-level=\"1\"><strong>Altos \u00edndices de colesterol<\/strong><\/li>\n<li style=\"font-weight: 400;\" aria-level=\"1\"><strong>Diabetes<\/strong><\/li>\n<li style=\"font-weight: 400;\" aria-level=\"1\"><strong>Enfermedades coronarias\u00a0<\/strong><\/li>\n<li style=\"font-weight: 400;\" aria-level=\"1\"><strong>Baja calidad de vida<\/strong><\/li>\n<li style=\"font-weight: 400;\" aria-level=\"1\"><strong>Dolor corporal<\/strong><\/li>\n<li style=\"font-weight: 400;\" aria-level=\"1\"><strong>Ataque o derrame cerebral, entre otros<\/strong><\/li>\n<\/ul>\n<p>&nbsp;<\/p>\n<p><span style=\"font-weight: 400;\">Cabe destacar que la obesidad no es una enfermedad que se genere exclusivamente por la dieta o ingesta de comida que realice una persona, sino que sus causas son varias, por lo que enumeraremos algunas:<\/span><\/p>\n<ul>\n<li style=\"font-weight: 400;\" aria-level=\"1\"><strong>Sedentarismo<\/strong><\/li>\n<li style=\"font-weight: 400;\" aria-level=\"1\"><strong>Factores conductuales<\/strong><\/li>\n<li style=\"font-weight: 400;\" aria-level=\"1\"><strong>Factores sociales<\/strong><\/li>\n<li style=\"font-weight: 400;\" aria-level=\"1\"><strong>Factores gen\u00e9ticos<\/strong><\/li>\n<li style=\"font-weight: 400;\" aria-level=\"1\"><strong>Consumo de algunos medicamentos<\/strong><\/li>\n<li style=\"font-weight: 400;\" aria-level=\"1\"><strong>Estr\u00e9s y falta de sue\u00f1o<\/strong><\/li>\n<\/ul>\n<p>&nbsp;<\/p>\n<p><span style=\"font-weight: 400;\">Seg\u00fan datos, en los \u00faltimos 50 a\u00f1os la obesidad lleg\u00f3 a triplicarse y, si tomamos como par\u00e1metro nuestro pa\u00eds, el dato arroja que una de cada cuatro personas que viven en la Argentina tiene esta enfermedad.<\/span><\/p>\n<p><span style=\"font-weight: 400;\">Desde OSECAC invitamos a nuestros\/as beneficiarios\/as a reflexionar sobre la informaci\u00f3n brindada en esta nota, y a realizarse los chequeos y estudios integrales correspondientes a fin de llevar una vida lo m\u00e1s saludable posible. <\/span><\/p>\n<p>[\/et_pb_text][\/et_pb_column][\/et_pb_row][\/et_pb_section]<\/p>\n","protected":false},"excerpt":{"rendered":"<p>Cada 4 de marzo se conmemora el D\u00eda Mundial de Lucha contra la Obesidad y, desde la Obra Social de los Empleados de Comercio y Actividades Civiles, queremos contarte toda la informaci\u00f3n acerca de esta importante efem\u00e9ride. <\/p>\n","protected":false},"author":1,"featured_media":1071,"comment_status":"open","ping_status":"open","sticky":false,"template":"","format":"standard","meta":{"_et_pb_use_builder":"on","_et_pb_old_content":"","_et_gb_content_width":"","footnotes":""},"categories":[1],"tags":[],"class_list":["post-1069","post","type-post","status-publish","format-standard","has-post-thumbnail","hentry","category-actualidad"],"_links":{"self":[{"href":"https:\/\/www.osecac.org.ar\/Novedades\/wp-json\/wp\/v2\/posts\/1069","targetHints":{"allow":["GET"]}}],"collection":[{"href":"https:\/\/www.osecac.org.ar\/Novedades\/wp-json\/wp\/v2\/posts"}],"about":[{"href":"https:\/\/www.osecac.org.ar\/Novedades\/wp-json\/wp\/v2\/types\/post"}],"author":[{"embeddable":true,"href":"https:\/\/www.osecac.org.ar\/Novedades\/wp-json\/wp\/v2\/users\/1"}],"replies":[{"embeddable":true,"href":"https:\/\/www.osecac.org.ar\/Novedades\/wp-json\/wp\/v2\/comments?post=1069"}],"version-history":[{"count":0,"href":"https:\/\/www.osecac.org.ar\/Novedades\/wp-json\/wp\/v2\/posts\/1069\/revisions"}],"wp:featuredmedia":[{"embeddable":true,"href":"https:\/\/www.osecac.org.ar\/Novedades\/wp-json\/wp\/v2\/media\/1071"}],"wp:attachment":[{"href":"https:\/\/www.osecac.org.ar\/Novedades\/wp-json\/wp\/v2\/media?parent=1069"}],"wp:term":[{"taxonomy":"category","embeddable":true,"href":"https:\/\/www.osecac.org.ar\/Novedades\/wp-json\/wp\/v2\/categories?post=1069"},{"taxonomy":"post_tag","embeddable":true,"href":"https:\/\/www.osecac.org.ar\/Novedades\/wp-json\/wp\/v2\/tags?post=1069"}],"curies":[{"name":"wp","href":"https:\/\/api.w.org\/{rel}","templated":true}]}}